{"id":7820,"date":"2015-11-11T00:00:28","date_gmt":"2015-11-10T23:00:28","guid":{"rendered":"https:\/\/comunicatur.info\/?p=7820"},"modified":"2015-11-09T23:01:40","modified_gmt":"2015-11-09T22:01:40","slug":"mas-de-200-profesionales-y-ciudadanos-repensaron-el-futuro-de-lloret-en-el-primer-repiensa-lloret","status":"publish","type":"post","link":"https:\/\/www.comunicatur.info\/es\/mas-de-200-profesionales-y-ciudadanos-repensaron-el-futuro-de-lloret-en-el-primer-repiensa-lloret\/","title":{"rendered":"M\u00e1s de 200 profesionales y ciudadanos repensaron el futuro de Lloret en el primer Repiensa Lloret"},"content":{"rendered":"<p>El municipio de Lloret de Mar ha acogido una jornada abierta a profesionales del sector tur\u00edstico y a la ciudadan\u00eda en general para reflexionar sobre el modelo de ciudad y el modelo tur\u00edstico de la localidad de la Costa Brava.<\/p>\n<p><!--more-->En la jornada se\u00a0 trataron temas como el modelo y la marca de ciudad, el futuro del turismo, la revoluci\u00f3n digital, el comercio urbano en zonas tur\u00edsticas, el papel de la participaci\u00f3n ciudadana para definir la ciudad del futuro, la gesti\u00f3n inteligente del urbanismo y hacia donde va la renovaci\u00f3n hotelera.<\/p>\n<p>La jornada cont\u00f3 con la participaci\u00f3n de expertos destacados como por ejemplo, Jos\u00e9 Antonio Donaire, profesor de turismo en la Universitat de Girona y ex-director de INSETUR; Jaume Angerri, ex-director general de Comercio de la Generalitat de Catalu\u00f1a y consultor en innovaci\u00f3n comercial; Toni Puig, profesor de marketing p\u00fablico de ESADE; Gen\u00eds Roca, presidente de Roca &amp; Salvatella y uno de los m\u00e1ximos expertos del pa\u00eds en revoluci\u00f3n digital; Fernando Gallardo, experto en innovaci\u00f3n hotelera y cr\u00edtico hotelero al diario El Pa\u00eds; Carles Lobo, director del Departamento de Urbanismo y Ordenaci\u00f3n del Territorio, de la Escuela T\u00e9cnica Superior de Arquitectura del Vall\u00e8s (UPC); Daniel Tarrag\u00f3, consultor en participaci\u00f3n ciudadana y socio-director de Ne\u00f2polis Consultor\u00eda de Innovaci\u00f3n Social en el \u00e1mbito p\u00fablico.<\/p>\n<p>Desde el Ayuntamiento de Lloret de Mar desean que la reflexi\u00f3n iniciada con esta jornada contin\u00fae a trav\u00e9s de procesos participativos con el sector tur\u00edstico y el resto de la ciudadan\u00eda.<\/p>\n<p>Adem\u00e1s se pone a disposici\u00f3n de todo el mundo un apartado en el web de la jornada (<a href=\"http:\/\/repensa.lloretdemar.org\" target=\"_blank\" rel=\"noopener\">repensa.lloretdemar.org<\/a>) para poder consultar las presentaciones que llevaron a cabo los ponentes, as\u00ed como v\u00eddeos de las diferentes ponencias para aquellas personas que no pudieron asistir.\/<em>Noticia emitida por Lloret Turismo<\/em><\/p>\n","protected":false},"excerpt":{"rendered":"<p>El municipio de Lloret de Mar ha acogido una jornada abierta a profesionales del sector tur\u00edstico y a la ciudadan\u00eda en general para reflexionar sobre el modelo de ciudad y el modelo tur\u00edstico de la localidad de la Costa Brava. En la jornada se\u00a0 trataron temas como el modelo y la marca de ciudad, el &hellip;<\/p>\n","protected":false},"author":1,"featured_media":0,"comment_status":"closed","ping_status":"open","sticky":false,"template":"","format":"standard","meta":[],"categories":[62],"tags":[],"_links":{"self":[{"href":"https:\/\/www.comunicatur.info\/es\/wp-json\/wp\/v2\/posts\/7820"}],"collection":[{"href":"https:\/\/www.comunicatur.info\/es\/wp-json\/wp\/v2\/posts"}],"about":[{"href":"https:\/\/www.comunicatur.info\/es\/wp-json\/wp\/v2\/types\/post"}],"author":[{"embeddable":true,"href":"https:\/\/www.comunicatur.info\/es\/wp-json\/wp\/v2\/users\/1"}],"replies":[{"embeddable":true,"href":"https:\/\/www.comunicatur.info\/es\/wp-json\/wp\/v2\/comments?post=7820"}],"version-history":[{"count":1,"href":"https:\/\/www.comunicatur.info\/es\/wp-json\/wp\/v2\/posts\/7820\/revisions"}],"predecessor-version":[{"id":7821,"href":"https:\/\/www.comunicatur.info\/es\/wp-json\/wp\/v2\/posts\/7820\/revisions\/7821"}],"wp:attachment":[{"href":"https:\/\/www.comunicatur.info\/es\/wp-json\/wp\/v2\/media?parent=7820"}],"wp:term":[{"taxonomy":"category","embeddable":true,"href":"https:\/\/www.comunicatur.info\/es\/wp-json\/wp\/v2\/categories?post=7820"},{"taxonomy":"post_tag","embeddable":true,"href":"https:\/\/www.comunicatur.info\/es\/wp-json\/wp\/v2\/tags?post=7820"}],"curies":[{"name":"wp","href":"https:\/\/api.w.org\/{rel}","templated":true}]}}