{"id":7758,"date":"2015-10-29T00:00:27","date_gmt":"2015-10-28T23:00:27","guid":{"rendered":"https:\/\/comunicatur.info\/?p=7758"},"modified":"2015-11-01T22:17:41","modified_gmt":"2015-11-01T21:17:41","slug":"los-administradores-de-fincas-denunciaran-los-pisos-turisticos-ilegales","status":"publish","type":"post","link":"https:\/\/www.comunicatur.info\/es\/los-administradores-de-fincas-denunciaran-los-pisos-turisticos-ilegales\/","title":{"rendered":"Los administradores de fincas denunciar\u00e1n los pisos tur\u00edsticos ilegales"},"content":{"rendered":"<p>El Colegio de Administradores de Fincas de Catalu\u00f1a actuar\u00e1 de forma activa en la detecci\u00f3n y denuncia de las viviendas tur\u00edsticas que funcionan a las comunidades de vecinos sin los permisos pertinentes. Activar\u00e1n una campa\u00f1a para informar a los gestores y a los propios vecinos sobre la normativa de alojamientos tur\u00edsticos.<\/p>\n<p><!--more-->Los Administradores de Fincas han firmado un acuerdo con la direcci\u00f3n general de Turismo catalana para agilizar los tr\u00e1mites de la denuncia a la administraci\u00f3n de los apartamentos o viviendas de uso tur\u00edstico ilegales. El colegio difundir\u00e1 entre las comunidades de propietarios un protocolo de buenas pr\u00e1cticas que ha redactado para asegurar el cumplimiento de la normativa tur\u00edstica y de las normas de convivencia en los edificios. La directora general de Turismo, Marian Muro, ha querido destacar la importancia de este acuerdo porque \u201cen la tarea de control de la legalidad de las viviendas de uso tur\u00edstico es muy importante contar con la colaboraci\u00f3n de los agentes que\u00a0 intervienen. Los Administradores de Fincas son profesionales que conocen de primera mano la gesti\u00f3n de los edificios que administran, y su colaboraci\u00f3n ser\u00e1 clave a la hora de identificar aquellas viviendas tur\u00edsticas que no cumplen con la normativa tur\u00edstica\u201d.<\/p>\n<p>Seg\u00fan han informado \u201ccuando un colegiado detecte una vivienda tur\u00edstica ilegal en una de las fincas que administra, podr\u00e1 facilitar esta informaci\u00f3n a cualquiera de los colegios y \u00e9stos, previa comprobaci\u00f3n de la informaci\u00f3n facilitada, podr\u00e1n realizar la correspondiente denuncia, dirigida a la Direcci\u00f3n general de Turismo de la Generalitat de Catalu\u00f1a, a trav\u00e9s del Registro general electr\u00f3nico de la Administraci\u00f3n. Cabe destacar que en estas denuncias no har\u00e1 falta que\u00a0 conste ning\u00fan dato que identifique las entidades o los particulares que han comunicado al colegio la denuncia\u201d.<\/p>\n<p>Esta colaboraci\u00f3n se enmarca en la intenci\u00f3n de la direcci\u00f3n general de Turismo de impulsar al m\u00e1ximo la regularizaci\u00f3n y el censo de la oferta existente de apartamentos y viviendas tur\u00edsticas para hacer aflorar la econom\u00eda sumergida en este subsector del alojamiento. En Catalu\u00f1a hay registradas 45.968 viviendas que ofrecen 263.721 plazas. Se calcula que el volumen total de alojamiento de este tipo en Catalu\u00f1a es de 500.000 plazas.<\/p>\n","protected":false},"excerpt":{"rendered":"<p>El Colegio de Administradores de Fincas de Catalu\u00f1a actuar\u00e1 de forma activa en la detecci\u00f3n y denuncia de las viviendas tur\u00edsticas que funcionan a las comunidades de vecinos sin los permisos pertinentes. Activar\u00e1n una campa\u00f1a para informar a los gestores y a los propios vecinos sobre la normativa de alojamientos tur\u00edsticos. Los Administradores de Fincas &hellip;<\/p>\n","protected":false},"author":1,"featured_media":0,"comment_status":"closed","ping_status":"open","sticky":false,"template":"","format":"standard","meta":[],"categories":[59],"tags":[],"_links":{"self":[{"href":"https:\/\/www.comunicatur.info\/es\/wp-json\/wp\/v2\/posts\/7758"}],"collection":[{"href":"https:\/\/www.comunicatur.info\/es\/wp-json\/wp\/v2\/posts"}],"about":[{"href":"https:\/\/www.comunicatur.info\/es\/wp-json\/wp\/v2\/types\/post"}],"author":[{"embeddable":true,"href":"https:\/\/www.comunicatur.info\/es\/wp-json\/wp\/v2\/users\/1"}],"replies":[{"embeddable":true,"href":"https:\/\/www.comunicatur.info\/es\/wp-json\/wp\/v2\/comments?post=7758"}],"version-history":[{"count":1,"href":"https:\/\/www.comunicatur.info\/es\/wp-json\/wp\/v2\/posts\/7758\/revisions"}],"predecessor-version":[{"id":7759,"href":"https:\/\/www.comunicatur.info\/es\/wp-json\/wp\/v2\/posts\/7758\/revisions\/7759"}],"wp:attachment":[{"href":"https:\/\/www.comunicatur.info\/es\/wp-json\/wp\/v2\/media?parent=7758"}],"wp:term":[{"taxonomy":"category","embeddable":true,"href":"https:\/\/www.comunicatur.info\/es\/wp-json\/wp\/v2\/categories?post=7758"},{"taxonomy":"post_tag","embeddable":true,"href":"https:\/\/www.comunicatur.info\/es\/wp-json\/wp\/v2\/tags?post=7758"}],"curies":[{"name":"wp","href":"https:\/\/api.w.org\/{rel}","templated":true}]}}