{"id":7719,"date":"2015-10-20T00:00:18","date_gmt":"2015-10-19T22:00:18","guid":{"rendered":"https:\/\/comunicatur.info\/?p=7719"},"modified":"2015-10-21T14:18:01","modified_gmt":"2015-10-21T12:18:01","slug":"maxima-confianza-del-sector","status":"publish","type":"post","link":"https:\/\/www.comunicatur.info\/es\/maxima-confianza-del-sector\/","title":{"rendered":"M\u00e1xima confianza del sector"},"content":{"rendered":"<p>El sector tur\u00edstico ha registrado la mejor temporada de verano de la \u00faltima d\u00e9cada, seg\u00fan Exceltur, y el sector muestra los niveles de confianza empresarial m\u00e1s elevados desde que esta organizaci\u00f3n elabora este indicador.<\/p>\n<p><!--more-->Exceltur estima un crecimiento del PIB tur\u00edstico que podr\u00eda cerrar el a\u00f1o con +3,6%, y ser\u00eda el sexto ejercicio en el que el turismo crece por encima del de la econom\u00eda espa\u00f1ola. La aportaci\u00f3n del turismo a la sociedad espa\u00f1ola se cifra en 124 mil millones de euros y 2,4 millones de empleos.<\/p>\n<p>Los datos del lobby empresarial afirman que se ha contenido en verano la ca\u00edda del ingreso medio por turista extranjero en Espa\u00f1a gracias a la mayor capacidad adquisitiva de aquellos mercados cuya moneda se ha apreciado frente al euro. Igualmente afirma que repunta el consumo de los extranjeros de aquellos servicios tur\u00edsticos de m\u00e1s categor\u00eda -alojamientos de 4 y 5 estrellas (+9,2%), paquete tur\u00edstico (+5,5%) y vuelos en compa\u00f1\u00edas de red (+3,2%)-.<\/p>\n<p>Exceltur pide a los responsables de las administraciones un compromiso de Estado con el turismo. Demandan pol\u00edticas que aceleren la implantaci\u00f3n de los modelos tur\u00edsticos m\u00e1s innovadores, que \u201cdoten del mayor valor a\u00f1adido diferencial a nuestra oferta\u201d y \u201cdonde prime el objetivo de lograr el mayor ingreso por turista, frente a un mero crecimiento de afluencia\u201d.<\/p>\n<p>El sector tur\u00edstico se ha erigido como el principal motor de la recuperaci\u00f3n. Por este motivo piden impulsar un marco fiscal que favorezca la reducci\u00f3n de los costes operativos de las empresas tur\u00edsticas para impulsar la inversi\u00f3n, principalmente reduciendo el tipo del IVA de las actividades tur\u00edsticas (no s\u00f3lo las de hosteler\u00eda, sino extendi\u00e9ndolo a las agencias de viajes, tour operadores, empresas de alquiler de coches, compa\u00f1\u00edas de transporte y las empresas de ocio)<\/p>\n<p>Solicitan una \u201cmayor unidad de mercado y capacidad de coordinaci\u00f3n de las diversas instituciones p\u00fablicas\u201d, y una estrategia decidida a la renovaci\u00f3n tur\u00edstica del litoral espa\u00f1ol con pol\u00edticas de \u00edndole urban\u00edstica, fiscal y financiera para\u00a0 incentivar una profunda rehabilitaci\u00f3n de los destinos m\u00e1s maduros.<\/p>\n","protected":false},"excerpt":{"rendered":"<p>El sector tur\u00edstico ha registrado la mejor temporada de verano de la \u00faltima d\u00e9cada, seg\u00fan Exceltur, y el sector muestra los niveles de confianza empresarial m\u00e1s elevados desde que esta organizaci\u00f3n elabora este indicador. Exceltur estima un crecimiento del PIB tur\u00edstico que podr\u00eda cerrar el a\u00f1o con +3,6%, y ser\u00eda el sexto ejercicio en el &hellip;<\/p>\n","protected":false},"author":1,"featured_media":0,"comment_status":"closed","ping_status":"open","sticky":false,"template":"","format":"standard","meta":[],"categories":[66,59,61],"tags":[],"_links":{"self":[{"href":"https:\/\/www.comunicatur.info\/es\/wp-json\/wp\/v2\/posts\/7719"}],"collection":[{"href":"https:\/\/www.comunicatur.info\/es\/wp-json\/wp\/v2\/posts"}],"about":[{"href":"https:\/\/www.comunicatur.info\/es\/wp-json\/wp\/v2\/types\/post"}],"author":[{"embeddable":true,"href":"https:\/\/www.comunicatur.info\/es\/wp-json\/wp\/v2\/users\/1"}],"replies":[{"embeddable":true,"href":"https:\/\/www.comunicatur.info\/es\/wp-json\/wp\/v2\/comments?post=7719"}],"version-history":[{"count":1,"href":"https:\/\/www.comunicatur.info\/es\/wp-json\/wp\/v2\/posts\/7719\/revisions"}],"predecessor-version":[{"id":7720,"href":"https:\/\/www.comunicatur.info\/es\/wp-json\/wp\/v2\/posts\/7719\/revisions\/7720"}],"wp:attachment":[{"href":"https:\/\/www.comunicatur.info\/es\/wp-json\/wp\/v2\/media?parent=7719"}],"wp:term":[{"taxonomy":"category","embeddable":true,"href":"https:\/\/www.comunicatur.info\/es\/wp-json\/wp\/v2\/categories?post=7719"},{"taxonomy":"post_tag","embeddable":true,"href":"https:\/\/www.comunicatur.info\/es\/wp-json\/wp\/v2\/tags?post=7719"}],"curies":[{"name":"wp","href":"https:\/\/api.w.org\/{rel}","templated":true}]}}