{"id":7715,"date":"2015-10-19T00:00:52","date_gmt":"2015-10-18T22:00:52","guid":{"rendered":"https:\/\/comunicatur.info\/?p=7715"},"modified":"2015-10-18T22:47:32","modified_gmt":"2015-10-18T20:47:32","slug":"nadie-puede-con-saloufest-habra-una-nueva-edicion-en-2016","status":"publish","type":"post","link":"https:\/\/www.comunicatur.info\/es\/nadie-puede-con-saloufest-habra-una-nueva-edicion-en-2016\/","title":{"rendered":"Nadie puede con Saloufest, habr\u00e1 una nueva edici\u00f3n en 2016"},"content":{"rendered":"<p>A pesar de que el ayuntamiento de Salou asegur\u00f3 que no habr\u00eda nueva edici\u00f3n del Saloufest, el operador que lo comercializa ya ha iniciado las reservas para el pr\u00f3ximo a\u00f1o. Del 20 de marzo al 9 de abril de 2016 volver\u00e1n a llegar las oleadas de j\u00f3venes brit\u00e1nicos.<\/p>\n<p><i><!--more-->I Love Tour<\/i> llevar\u00e1 a Salou cerca de 10.000 estudiantes brit\u00e1nicos contra el deseo de vecinos y parte de los hoteleros. La imagen de Salou volver\u00e1 a resentirse al relacionarse con un destino de turismo de borrachera. Hasta 1,5 millones de turistas visitan este municipio de la Costa Dorada cada a\u00f1o pero esta pol\u00e9mica programaci\u00f3n tur\u00edstica da\u00f1ar\u00e1 su imagen durante la Semana Santa. El ayuntamiento podr\u00eda haber negociado con la empresa organizadora para cambiar la imagen negativa que se ha trasladado en los \u00faltimos a\u00f1os.<\/p>\n<p>El paquete m\u00e1s caro es de 330 euros e incluye viaje y estancia de cuatro noches. Los j\u00f3venes turistas se alojar\u00e1n en hoteles de tres estrellas y tambi\u00e9n en algunos apartamentos. El transporte b\u00e1sico desde el Reino Unido es el autob\u00fas aunque hay opci\u00f3n de avi\u00f3n. Con la excusa de realizar actividades deportivas la fiesta nocturna y el consumo de alcohol provoca im\u00e1genes de descontrol que nada tienen que ver con el modelo de destino de turismo familiar con el que se quiere vincular Salou. En la pasada edici\u00f3n una chica cay\u00f3 desde una cuarta planta del hotel quedando tetrapl\u00e9jica.<\/p>\n<p>Hoteleros y ayuntamiento son conscientes que la actividad del turoperador <i>I Love Tour<\/i> forma parte del \u00e1mbito privado y es dif\u00edcil perseguirlo siempre que act\u00fae dentro de la normativa. Por ello, el consistorio apela a la reflexi\u00f3n de los hoteleros que aceptan acoger este tipo de programas tur\u00edsticos. El beneficio de unos pocos perjudica al conjunto de empresarios del alojamiento.<\/p>\n<p>Seg\u00fan detalla el Diario de Tarragona, los universitarios brit\u00e1nicos volver\u00e1n a venir en tres tandas. La primera ser\u00e1 del 20 al 24 marzo; la segunda, del 29 de marzo al 2 de abril; y la tercera, del 5 al 9 de abril.<\/p>\n","protected":false},"excerpt":{"rendered":"<p>A pesar de que el ayuntamiento de Salou asegur\u00f3 que no habr\u00eda nueva edici\u00f3n del Saloufest, el operador que lo comercializa ya ha iniciado las reservas para el pr\u00f3ximo a\u00f1o. Del 20 de marzo al 9 de abril de 2016 volver\u00e1n a llegar las oleadas de j\u00f3venes brit\u00e1nicos. I Love Tour llevar\u00e1 a Salou cerca &hellip;<\/p>\n","protected":false},"author":1,"featured_media":0,"comment_status":"closed","ping_status":"open","sticky":false,"template":"","format":"standard","meta":[],"categories":[62],"tags":[],"_links":{"self":[{"href":"https:\/\/www.comunicatur.info\/es\/wp-json\/wp\/v2\/posts\/7715"}],"collection":[{"href":"https:\/\/www.comunicatur.info\/es\/wp-json\/wp\/v2\/posts"}],"about":[{"href":"https:\/\/www.comunicatur.info\/es\/wp-json\/wp\/v2\/types\/post"}],"author":[{"embeddable":true,"href":"https:\/\/www.comunicatur.info\/es\/wp-json\/wp\/v2\/users\/1"}],"replies":[{"embeddable":true,"href":"https:\/\/www.comunicatur.info\/es\/wp-json\/wp\/v2\/comments?post=7715"}],"version-history":[{"count":1,"href":"https:\/\/www.comunicatur.info\/es\/wp-json\/wp\/v2\/posts\/7715\/revisions"}],"predecessor-version":[{"id":7716,"href":"https:\/\/www.comunicatur.info\/es\/wp-json\/wp\/v2\/posts\/7715\/revisions\/7716"}],"wp:attachment":[{"href":"https:\/\/www.comunicatur.info\/es\/wp-json\/wp\/v2\/media?parent=7715"}],"wp:term":[{"taxonomy":"category","embeddable":true,"href":"https:\/\/www.comunicatur.info\/es\/wp-json\/wp\/v2\/categories?post=7715"},{"taxonomy":"post_tag","embeddable":true,"href":"https:\/\/www.comunicatur.info\/es\/wp-json\/wp\/v2\/tags?post=7715"}],"curies":[{"name":"wp","href":"https:\/\/api.w.org\/{rel}","templated":true}]}}