{"id":7673,"date":"2015-10-05T00:00:15","date_gmt":"2015-10-04T22:00:15","guid":{"rendered":"https:\/\/comunicatur.info\/?p=7673"},"modified":"2015-10-05T14:54:55","modified_gmt":"2015-10-05T12:54:55","slug":"premios-del-turismo-de-cataluna-2015","status":"publish","type":"post","link":"https:\/\/www.comunicatur.info\/es\/premios-del-turismo-de-cataluna-2015\/","title":{"rendered":"Premios del Turismo de Catalu\u00f1a 2015"},"content":{"rendered":"<p>El Jurado de los galardones del Turismo de Catalu\u00f1a que otorga la Generalitat, formado por los componentes del Consejo de la Mesa de Turismo, han reconocido este a\u00f1o a Inout Hostel, Jaume Le\u00f3n, la Fundaci\u00f3n Parque Cient\u00edfico y Tecnol\u00f3gico de Turismo y Ocio de Catalu\u00f1a y la Estaci\u00f3n de Alta Monta\u00f1a de Tavascan.<\/p>\n<p>Los galardones del Turismo de Catalu\u00f1a se entregan en reconocimiento a aquellos proyectos tur\u00edsticos que ayudan a poner en valor los recursos y activos de Catalu\u00f1a, ofreciendo nuevas experiencias a los consumidores o haci\u00e9ndolo de forma responsable e innovadora.<\/p>\n<p>Icaria Iniciativas Sociales, SAL, por Inout Hostel (Barcelona), en la categor\u00eda de \u00abTurismo responsable\u00bb. Se trata del primer albergue de Juventud de Europa con una plantilla integrada en m\u00e1s de un 95% por personas con discapacidad, mayoritariamente intelectual. Trabaja tambi\u00e9n a nivel ambiental y dispone de medidas de ahorro energ\u00e9tico, como separaci\u00f3n de residuos, protecci\u00f3n del espacio natural, consumo responsable, etc. Aplica una pol\u00edtica de conciliaci\u00f3n m\u00e1xima entre la vida laboral y familiar de los trabajadores, con apoyo individualizado para cada uno de ellos y un plan de igualdad de oportunidades con id\u00e9nticas posibilidades de promoci\u00f3n.<\/p>\n<p>Jaume Le\u00f3n Andr\u00e9s, en la categor\u00eda de \u00abMejor experiencia tur\u00edstica\u00bb. Entregado a la creaci\u00f3n de producto tur\u00edstico innovador y experiencial, especialmente en las comarcas de interior, es el presidente de la Asociaci\u00f3n Tur\u00edstica Montsec, y uno de los principales responsables del crecimiento tur\u00edstico y econ\u00f3mico de la comarca de La Noguera en los \u00faltimos a\u00f1os. Jaume Le\u00f3n es tambi\u00e9n director de la agencia receptiva T\u00fa y Lleida, director de Cim Hoteles, presidente de la Asociaci\u00f3n de empresarios y comerciantes de la Noguera Alta-Les Aspres del Montsec, miembro de la junta directiva de la Asociaci\u00f3n Catalana de Profesionales de Turismo (ACPT) y presidente de la Cofrad\u00eda de Campaneros de Catalu\u00f1a.<\/p>\n<p>Fundaci\u00f3n Parque Cient\u00edfico y Tecnol\u00f3gico de Turismo y Ocio de Catalu\u00f1a (Vila-seca, Tarragona), en la categor\u00eda de \u00abMejor proyecto de conocimiento e investigaci\u00f3n aplicada al sector tur\u00edstico\u00bb. Ubicado en la Universitat Rovira i Virgili, es un \u00f3rgano compartido de coordinaci\u00f3n y gesti\u00f3n de investigaci\u00f3n, formaci\u00f3n, innovaci\u00f3n y desarrollo empresarial. Recibe el galard\u00f3n por la creaci\u00f3n de la herramienta tecnol\u00f3gica Tourism Data System, una plataforma que gestiona los datos de ocupaci\u00f3n de alojamientos tur\u00edsticos y de precios. Posteriormente crea informes a medida que proporcionan a cada establecimiento, ofreciendo soluciones personalizadas a las necesidades de cada uno, y ayudando a conocer la posici\u00f3n de cada negocio en el mercado, un dato fundamental para la planificaci\u00f3n del destino y para la mejora de su competitividad.<\/p>\n<p>Estaci\u00f3n de Alta Monta\u00f1a de Tavascan (Lladorre, Lleida), en la categor\u00eda \u00abInnovaci\u00f3n\u00bb. Es la primera estaci\u00f3n de esqu\u00ed del pa\u00eds a tener un recorrido para personas con diferentes capacidades intelectuales y f\u00edsicas. Cuenta con una serie de Circuitos Inclusivos \u00abSumando Capacidades\u00bb para mejorar la experiencia en la monta\u00f1a de las personas con m\u00e1s dificultades. Fuera de la pr\u00e1ctica m\u00e1s deportiva, destacan tambi\u00e9n sus talleres y actividades integrados en el entorno. El proyecto est\u00e1 apadrinado por Kilian Jornet.<\/p>\n<p>El jurado ha destacado tambi\u00e9n los proyectos de otras empresas y entidades que han resultado finalistas en cada una de las categor\u00edas:<\/p>\n<p>Turismo responsable: Advanced Leisure Services y Conselh Gener\u00e1is d&#8217;Aran.<\/p>\n<p>Mejor experiencia tur\u00edstica: Consorcio Ecomuseu de las Valls d&#8217;\u00c0neu y Triptek Solutions.<\/p>\n<p>Mejora del conocimiento e investigaci\u00f3n aplicada al sector tur\u00edstico: Diputaci\u00f3n de Barcelona y Consejo Comarcal del Baix Ebre.<\/p>\n<p>Innovaci\u00f3n: Casa Batll\u00f3 y Fundaci\u00f3n Parque Cient\u00edfico y Tecnol\u00f3gico de Turismo y Ocio de Catalu\u00f1a.<\/p>\n<p>Al margen de estos galardones, entregados por el presidente de la Generalitat en el marco del D\u00eda Mundial del Turismo, este a\u00f1o la Generalitat tambi\u00e9n ha entregado una placa conmemorativa a Josep Roca, de El celler de\u00a0Can Roca, por la contribuci\u00f3n de los hermanos Roca al reconocimiento internacional de la gastronom\u00eda catalana. As\u00ed mismo, el sector tur\u00edstico catal\u00e1n ha hecho un homenaje p\u00f3stumo a Juli Soler y Raimon Mart\u00ednez Fraile.<\/p>\n","protected":false},"excerpt":{"rendered":"<p>El Jurado de los galardones del Turismo de Catalu\u00f1a que otorga la Generalitat, formado por los componentes del Consejo de la Mesa de Turismo, han reconocido este a\u00f1o a Inout Hostel, Jaume Le\u00f3n, la Fundaci\u00f3n Parque Cient\u00edfico y Tecnol\u00f3gico de Turismo y Ocio de Catalu\u00f1a y la Estaci\u00f3n de Alta Monta\u00f1a de Tavascan. Los galardones &hellip;<\/p>\n","protected":false},"author":1,"featured_media":0,"comment_status":"closed","ping_status":"open","sticky":false,"template":"","format":"standard","meta":[],"categories":[62,61],"tags":[],"_links":{"self":[{"href":"https:\/\/www.comunicatur.info\/es\/wp-json\/wp\/v2\/posts\/7673"}],"collection":[{"href":"https:\/\/www.comunicatur.info\/es\/wp-json\/wp\/v2\/posts"}],"about":[{"href":"https:\/\/www.comunicatur.info\/es\/wp-json\/wp\/v2\/types\/post"}],"author":[{"embeddable":true,"href":"https:\/\/www.comunicatur.info\/es\/wp-json\/wp\/v2\/users\/1"}],"replies":[{"embeddable":true,"href":"https:\/\/www.comunicatur.info\/es\/wp-json\/wp\/v2\/comments?post=7673"}],"version-history":[{"count":1,"href":"https:\/\/www.comunicatur.info\/es\/wp-json\/wp\/v2\/posts\/7673\/revisions"}],"predecessor-version":[{"id":7674,"href":"https:\/\/www.comunicatur.info\/es\/wp-json\/wp\/v2\/posts\/7673\/revisions\/7674"}],"wp:attachment":[{"href":"https:\/\/www.comunicatur.info\/es\/wp-json\/wp\/v2\/media?parent=7673"}],"wp:term":[{"taxonomy":"category","embeddable":true,"href":"https:\/\/www.comunicatur.info\/es\/wp-json\/wp\/v2\/categories?post=7673"},{"taxonomy":"post_tag","embeddable":true,"href":"https:\/\/www.comunicatur.info\/es\/wp-json\/wp\/v2\/tags?post=7673"}],"curies":[{"name":"wp","href":"https:\/\/api.w.org\/{rel}","templated":true}]}}