{"id":7666,"date":"2015-10-06T00:00:14","date_gmt":"2015-10-05T22:00:14","guid":{"rendered":"https:\/\/comunicatur.info\/?p=7666"},"modified":"2015-10-08T18:25:02","modified_gmt":"2015-10-08T16:25:02","slug":"en-doce-anos-el-gasto-diario-por-turista-solo-ha-crecido-en-45-centimos-en-espana","status":"publish","type":"post","link":"https:\/\/www.comunicatur.info\/es\/en-doce-anos-el-gasto-diario-por-turista-solo-ha-crecido-en-45-centimos-en-espana\/","title":{"rendered":"En doce a\u00f1os el gasto diario por turista s\u00f3lo ha crecido en 45 c\u00e9ntimos en Espa\u00f1a"},"content":{"rendered":"<p>El profesor de Econom\u00eda, Santiago Ni\u00f1o-Becerra, considera que cuando se habla de turismo el \u00fanico dato que tiene valor es el gasto que realiza un turista de media cada d\u00eda. El n\u00famero de visitantes no es un elemento a tener en cuenta para el profesor que critica la calidad de nuestro turismo.<\/p>\n<p><!--more-->Para analizar la evoluci\u00f3n del gasto tur\u00edstico del Estado el profesor recuerda que en 2003 un turista se gastaba 82 euros diarios en Espa\u00f1a. Esta cifra subi\u00f3 hasta los 84 euros en 2004, baj\u00f3 a los 82 el 2005, continu\u00f3 bajando hasta los 81 un a\u00f1o m\u00e1s tarde y as\u00ed evoluciona con pocas variaciones hasta llegar en 2013 y 2014. En estos dos a\u00f1os el gasto medio diario sube a los 87,7 euros. En julio de este a\u00f1os ha vuelto a bajar.<\/p>\n<p>\u201cEntre el 2003 y 2015 el incremento de gasto diario de cada turista en Espa\u00f1a ha sido de 45 c\u00e9ntimos\u201d, asegura Ni\u00f1o-Becerra. Pero a\u00f1ade que en este mismo periodo el n\u00famero de visitantes ha crecido un 25%. La conclusi\u00f3n \u201ces que cada vez vienen m\u00e1s turistas pero la calidad de estos turistas no ha evolucionado o ha evolucionado poco\u201d. Los visitantes gastan muy poco m\u00e1s cada a\u00f1o, 45 c\u00e9ntimos y no es igual el coste del impacto negativo que generan 42 millones de turistas que el que realizan 60 millones. Una afirmaci\u00f3n que ataca directamente el criterio de sostenibilidad tur\u00edstica para Espa\u00f1a.<\/p>\n<p>Los a\u00f1os 90 ya se hablaba de la necesidad de la reconversi\u00f3n del sector tur\u00edstico espa\u00f1ol, dice el economista. En el programa televisivo 8aldia, Ni\u00f1o-Becerra no ha negado la afirmaci\u00f3n \u201cestamos haciendo un mal negocio con el turismo\u201d. A pesar de que s\u00ed que ha comentado que no se puede generalizar porque hay alguna oferta y algunos turistas que llegan que s\u00ed son de calidad.<\/p>\n","protected":false},"excerpt":{"rendered":"<p>El profesor de Econom\u00eda, Santiago Ni\u00f1o-Becerra, considera que cuando se habla de turismo el \u00fanico dato que tiene valor es el gasto que realiza un turista de media cada d\u00eda. El n\u00famero de visitantes no es un elemento a tener en cuenta para el profesor que critica la calidad de nuestro turismo. Para analizar la &hellip;<\/p>\n","protected":false},"author":1,"featured_media":0,"comment_status":"closed","ping_status":"open","sticky":false,"template":"","format":"standard","meta":[],"categories":[64],"tags":[],"_links":{"self":[{"href":"https:\/\/www.comunicatur.info\/es\/wp-json\/wp\/v2\/posts\/7666"}],"collection":[{"href":"https:\/\/www.comunicatur.info\/es\/wp-json\/wp\/v2\/posts"}],"about":[{"href":"https:\/\/www.comunicatur.info\/es\/wp-json\/wp\/v2\/types\/post"}],"author":[{"embeddable":true,"href":"https:\/\/www.comunicatur.info\/es\/wp-json\/wp\/v2\/users\/1"}],"replies":[{"embeddable":true,"href":"https:\/\/www.comunicatur.info\/es\/wp-json\/wp\/v2\/comments?post=7666"}],"version-history":[{"count":1,"href":"https:\/\/www.comunicatur.info\/es\/wp-json\/wp\/v2\/posts\/7666\/revisions"}],"predecessor-version":[{"id":7667,"href":"https:\/\/www.comunicatur.info\/es\/wp-json\/wp\/v2\/posts\/7666\/revisions\/7667"}],"wp:attachment":[{"href":"https:\/\/www.comunicatur.info\/es\/wp-json\/wp\/v2\/media?parent=7666"}],"wp:term":[{"taxonomy":"category","embeddable":true,"href":"https:\/\/www.comunicatur.info\/es\/wp-json\/wp\/v2\/categories?post=7666"},{"taxonomy":"post_tag","embeddable":true,"href":"https:\/\/www.comunicatur.info\/es\/wp-json\/wp\/v2\/tags?post=7666"}],"curies":[{"name":"wp","href":"https:\/\/api.w.org\/{rel}","templated":true}]}}