{"id":7653,"date":"2015-09-30T00:00:54","date_gmt":"2015-09-29T22:00:54","guid":{"rendered":"https:\/\/comunicatur.info\/?p=7653"},"modified":"2015-09-30T19:19:26","modified_gmt":"2015-09-30T17:19:26","slug":"macrojornada-comercial-para-la-oferta-turistica-de-interior-y-de-montana","status":"publish","type":"post","link":"https:\/\/www.comunicatur.info\/es\/macrojornada-comercial-para-la-oferta-turistica-de-interior-y-de-montana\/","title":{"rendered":"Macrojornada comercial para la oferta tur\u00edstica de interior y de monta\u00f1a"},"content":{"rendered":"<p>La Agencia Catalana de Turismo\u00a0 ha organizado en el Castillo de Sant Ferran de Figueres, el Buy Catalu\u00f1a Naturaleza, Interior, Monta\u00f1a y Pirineo. Una macrojornada en la que han participado 120 empresas tur\u00edsticas catalanas para promocionar su oferta entre unos 80 operadores tur\u00edsticos internacionales invitados expresamente para esta acci\u00f3n.<\/p>\n<p><!--more-->Se calcula que son m\u00e1s de 2.350 citas comerciales individualizadas las que han tenido los empresarios con los operadores que proceden de 20 pa\u00edses diferentes. El objetivo de los organizadores es generar el m\u00e1ximo de negocio para esta oferta especializada en el segmento de monta\u00f1a.<\/p>\n<p>Adem\u00e1s de la jornada comercial, los operadores han participado en unos viajes de familiarizaci\u00f3n espec\u00edficos para conocer in situ las propuestas de turismo rural, activo, deportes de aventura y enoturismo, as\u00ed como algunos de los lugares m\u00e1s emblem\u00e1ticos del interior y la monta\u00f1a de Catalu\u00f1a, informan desde la Agencia.<\/p>\n<p>Esta acci\u00f3n se enmarca en la celebraci\u00f3n del a\u00f1o tem\u00e1tico que este a\u00f1o la Generalitat dedica al turismo interior y de monta\u00f1a. Los objetivos principales de esta iniciativa son \u201cpotenciar la oferta tur\u00edstica catalana de las comarcas de interior para conseguir un reequilibrio territorial de los flujos tur\u00edsticos, y ayudar a las peque\u00f1as y medianas empresas de estos territorios en la promoci\u00f3n y comercializaci\u00f3n de sus propuestas tur\u00edsticas\u201d.<\/p>\n","protected":false},"excerpt":{"rendered":"<p>La Agencia Catalana de Turismo\u00a0 ha organizado en el Castillo de Sant Ferran de Figueres, el Buy Catalu\u00f1a Naturaleza, Interior, Monta\u00f1a y Pirineo. Una macrojornada en la que han participado 120 empresas tur\u00edsticas catalanas para promocionar su oferta entre unos 80 operadores tur\u00edsticos internacionales invitados expresamente para esta acci\u00f3n. Se calcula que son m\u00e1s de &hellip;<\/p>\n","protected":false},"author":1,"featured_media":0,"comment_status":"closed","ping_status":"open","sticky":false,"template":"","format":"standard","meta":[],"categories":[64],"tags":[],"_links":{"self":[{"href":"https:\/\/www.comunicatur.info\/es\/wp-json\/wp\/v2\/posts\/7653"}],"collection":[{"href":"https:\/\/www.comunicatur.info\/es\/wp-json\/wp\/v2\/posts"}],"about":[{"href":"https:\/\/www.comunicatur.info\/es\/wp-json\/wp\/v2\/types\/post"}],"author":[{"embeddable":true,"href":"https:\/\/www.comunicatur.info\/es\/wp-json\/wp\/v2\/users\/1"}],"replies":[{"embeddable":true,"href":"https:\/\/www.comunicatur.info\/es\/wp-json\/wp\/v2\/comments?post=7653"}],"version-history":[{"count":1,"href":"https:\/\/www.comunicatur.info\/es\/wp-json\/wp\/v2\/posts\/7653\/revisions"}],"predecessor-version":[{"id":7654,"href":"https:\/\/www.comunicatur.info\/es\/wp-json\/wp\/v2\/posts\/7653\/revisions\/7654"}],"wp:attachment":[{"href":"https:\/\/www.comunicatur.info\/es\/wp-json\/wp\/v2\/media?parent=7653"}],"wp:term":[{"taxonomy":"category","embeddable":true,"href":"https:\/\/www.comunicatur.info\/es\/wp-json\/wp\/v2\/categories?post=7653"},{"taxonomy":"post_tag","embeddable":true,"href":"https:\/\/www.comunicatur.info\/es\/wp-json\/wp\/v2\/tags?post=7653"}],"curies":[{"name":"wp","href":"https:\/\/api.w.org\/{rel}","templated":true}]}}