{"id":7602,"date":"2015-09-18T00:00:36","date_gmt":"2015-09-17T22:00:36","guid":{"rendered":"https:\/\/comunicatur.info\/?p=7602"},"modified":"2015-09-17T13:08:21","modified_gmt":"2015-09-17T11:08:21","slug":"reinventarse-para-crear-destino-lema-del-ii-congreso-europeo-de-turismo-rural-coetur","status":"publish","type":"post","link":"https:\/\/www.comunicatur.info\/es\/reinventarse-para-crear-destino-lema-del-ii-congreso-europeo-de-turismo-rural-coetur\/","title":{"rendered":"Reinventarse para crear destino, lema del II Congreso Europeo de Turismo Rural COETUR"},"content":{"rendered":"<p>Escapadarural.com, el portal cuya oferta representa el 90% de los alojamientos rurales del pa\u00eds, ha convocado de nuevo a los empresarios del sector en COETUR, II Congreso Europeo de Turismo Rural. Bajo el lema \u201creinventarse para crear destino\u201d, se prev\u00e9 que m\u00e1s de doscientos asistentes acudan a Manjir\u00f3n (Madrid) los d\u00edas 30 de septiembre y 1 de octubre. La Direcci\u00f3n General de Turismo de la Comunidad ejercer\u00e1 de anfitriona, en un evento que tambi\u00e9n cuenta con el apoyo de Turespa\u00f1a y de las m\u00e1s importantes entidades locales. El Congreso tambi\u00e9n cuenta con <a href=\"https:\/\/www.comunicatur.info\/es\/\">Comunicatur<\/a> como colaboradora.<\/p>\n<p><!--more-->El Congreso contin\u00faa siendo un caso de colaboraci\u00f3n pionera dentro del \u00e1mbito p\u00fablico-privado, adem\u00e1s de un encuentro hecho por y para los empresarios rurales. En esta edici\u00f3n, se apuesta por descubrir <i>partners <\/i>estrat\u00e9gicos, se insiste en presentar experiencias de \u00e9xito para compartir l\u00edneas de mejora y, sobre todo, se prioriza la necesidad de trabajar en equipo para crear destino. A este respecto, Ana Alonso, <i>dircom <\/i>de Escapadarural.com, a\u00f1ade que \u201ces fundamental propiciar el <i>networking <\/i>y poner de manifiesto la necesidad de cohesi\u00f3n entre todos los negocios y entidades tur\u00edsticas que conforman la oferta de un territorio\u201d.<\/p>\n<p>El programa de COETUR reunir\u00e1 a los representantes de las principales asociaciones espa\u00f1olas, en una mesa redonda donde debatir\u00e1n sobre su papel en el sector. Dicho debate lo integrar\u00e1n dos entidades de \u00e1mbito nacional: la Asociaci\u00f3n Espa\u00f1ola de Turismo Rural \u2014ASETUR\u2014 y la Asociaci\u00f3n de Profesionales de Turismo Rural \u2014AUTURAL\u2014, junto con dos asociaciones auton\u00f3micas que corresponden a los destinos m\u00e1s importantes: la Federaci\u00f3n de Turismo Rural de Castilla y Le\u00f3n \u2014ACALTUR\u2014 y la Federaci\u00f3n Asturiana de Turismo Rural \u2014FASTUR.<\/p>\n<p>Por otro lado, la perspectiva internacional vendr\u00e1 de la mano de Klaus Ehrlich, secretario General de Eutog\u00eetes \u2014Federaci\u00f3n Europea de Turismo Rural\u2014, que har\u00e1 una aproximaci\u00f3n a la situaci\u00f3n actual del turismo rural en Europa y en el mundo. Adem\u00e1s, G\u00eetes de France \u2014asociaci\u00f3n y sello de calidad del turismo rural franc\u00e9s con 40 a\u00f1os de trayectoria\u2014 pondr\u00e1 el broche europeo al Congreso, bajo la \u00f3ptica de la manera de hacer en Francia, uno de los mercados de referencia a nivel mundial.<\/p>\n<p>En esta edici\u00f3n, Escapadarural.com tambi\u00e9n cuenta con el apoyo de entidades locales como Turismo Sierra Norte de Madrid, la Asociaci\u00f3n de Desarrollo Sierra de Guadarrama \u2014ADESGAM\u2014, la Asociaci\u00f3n de Turismo Sierra de Madrid \u2014ATUSIMA\u2014, la Asociaci\u00f3n Nacional de Empresas de Turismo Activo \u2014ANETA\u2014 y la Asociaci\u00f3n de Empresarios de la Sierra del Rinc\u00f3n \u2014MIREVEM.<\/p>\n<p>El Congreso cuenta con p\u00e1gina Web propia a trav\u00e9s de la cual los interesados pueden inscribirse <a href=\"http:\/\/www.coetur.com\/\" target=\"_blank\" rel=\"noopener\">www.coetur.com<\/a> para participar y conocer m\u00e1s detalles de las jornadas.<\/p>\n","protected":false},"excerpt":{"rendered":"<p>Escapadarural.com, el portal cuya oferta representa el 90% de los alojamientos rurales del pa\u00eds, ha convocado de nuevo a los empresarios del sector en COETUR, II Congreso Europeo de Turismo Rural. Bajo el lema \u201creinventarse para crear destino\u201d, se prev\u00e9 que m\u00e1s de doscientos asistentes acudan a Manjir\u00f3n (Madrid) los d\u00edas 30 de septiembre y &hellip;<\/p>\n","protected":false},"author":1,"featured_media":0,"comment_status":"closed","ping_status":"open","sticky":false,"template":"","format":"standard","meta":[],"categories":[59,63],"tags":[],"_links":{"self":[{"href":"https:\/\/www.comunicatur.info\/es\/wp-json\/wp\/v2\/posts\/7602"}],"collection":[{"href":"https:\/\/www.comunicatur.info\/es\/wp-json\/wp\/v2\/posts"}],"about":[{"href":"https:\/\/www.comunicatur.info\/es\/wp-json\/wp\/v2\/types\/post"}],"author":[{"embeddable":true,"href":"https:\/\/www.comunicatur.info\/es\/wp-json\/wp\/v2\/users\/1"}],"replies":[{"embeddable":true,"href":"https:\/\/www.comunicatur.info\/es\/wp-json\/wp\/v2\/comments?post=7602"}],"version-history":[{"count":1,"href":"https:\/\/www.comunicatur.info\/es\/wp-json\/wp\/v2\/posts\/7602\/revisions"}],"predecessor-version":[{"id":7603,"href":"https:\/\/www.comunicatur.info\/es\/wp-json\/wp\/v2\/posts\/7602\/revisions\/7603"}],"wp:attachment":[{"href":"https:\/\/www.comunicatur.info\/es\/wp-json\/wp\/v2\/media?parent=7602"}],"wp:term":[{"taxonomy":"category","embeddable":true,"href":"https:\/\/www.comunicatur.info\/es\/wp-json\/wp\/v2\/categories?post=7602"},{"taxonomy":"post_tag","embeddable":true,"href":"https:\/\/www.comunicatur.info\/es\/wp-json\/wp\/v2\/tags?post=7602"}],"curies":[{"name":"wp","href":"https:\/\/api.w.org\/{rel}","templated":true}]}}