{"id":7591,"date":"2015-09-16T00:00:55","date_gmt":"2015-09-15T22:00:55","guid":{"rendered":"https:\/\/comunicatur.info\/?p=7591"},"modified":"2015-09-15T23:13:57","modified_gmt":"2015-09-15T21:13:57","slug":"el-imserso-en-el-aire-tras-la-suspension-del-concurso","status":"publish","type":"post","link":"https:\/\/www.comunicatur.info\/es\/el-imserso-en-el-aire-tras-la-suspension-del-concurso\/","title":{"rendered":"El Imserso, en el aire tras la suspensi\u00f3n del concurso"},"content":{"rendered":"<p>Se desconoce el futuro de los viajes subvencionados de la tercera edad del programa Imserso despu\u00e9s que el concurso p\u00fablico quedara anulado por el Tribunal Administrativo. Inicialmente la adjudicaci\u00f3n recay\u00f3 en Mundosenior pero ahora se abre una etapa de reevaluaci\u00f3n de las ofertas presentadas.<\/p>\n<p><!--more-->En estos momentos las agencias de viajes no tienen ning\u00fan paquete que ofrecer de este programa y pasa el tiempo y no parece que durante los pr\u00f3ximos meses se puedan iniciar las reservas. La adjudicaci\u00f3n se la disputan Mundosenior (formada por Globalia y Barcel\u00f3) y Mundiplan (Alsa, Gowaii, IAG7 e Iberia), que present\u00f3 recurso y pidi\u00f3 al tribunal administrativo que se realizara una nueva valoraci\u00f3n de las propuestas. Mundiplan podr\u00eda pues ganar el concurso. Fuentes de esta UTE han mostrado su convencimiento que \u201cde aplicarse los criterios de evaluaci\u00f3n ser\u00e1n los adjudicatarios y que estar\u00e1n en condiciones para poner en marcha las reservas de forma inmediata\u201d.<\/p>\n<p>Centenares de hoteles mantienen las puertas abiertas en temporada baja gracias al Imerso. Puestos de trabajo y proveedores est\u00e1n pendientes de esta resoluci\u00f3n. M\u00e1s de dos millones de personas mayores potencialmente beneficiarias de los viajes deber\u00edan haber sido ya contactadas para informarles de los paquetes Imerso y las agencias tendr\u00edan que haber iniciado las reservas.<\/p>\n<p>El sector no cree que antes de enero se pueda poner en marcha el programa de esta temporada aunque el Gobierno quiere desbloquear la situaci\u00f3n y acelerar al m\u00e1ximo los plazos.<\/p>\n","protected":false},"excerpt":{"rendered":"<p>Se desconoce el futuro de los viajes subvencionados de la tercera edad del programa Imserso despu\u00e9s que el concurso p\u00fablico quedara anulado por el Tribunal Administrativo. Inicialmente la adjudicaci\u00f3n recay\u00f3 en Mundosenior pero ahora se abre una etapa de reevaluaci\u00f3n de las ofertas presentadas. En estos momentos las agencias de viajes no tienen ning\u00fan paquete &hellip;<\/p>\n","protected":false},"author":1,"featured_media":0,"comment_status":"closed","ping_status":"open","sticky":false,"template":"","format":"standard","meta":[],"categories":[66],"tags":[],"_links":{"self":[{"href":"https:\/\/www.comunicatur.info\/es\/wp-json\/wp\/v2\/posts\/7591"}],"collection":[{"href":"https:\/\/www.comunicatur.info\/es\/wp-json\/wp\/v2\/posts"}],"about":[{"href":"https:\/\/www.comunicatur.info\/es\/wp-json\/wp\/v2\/types\/post"}],"author":[{"embeddable":true,"href":"https:\/\/www.comunicatur.info\/es\/wp-json\/wp\/v2\/users\/1"}],"replies":[{"embeddable":true,"href":"https:\/\/www.comunicatur.info\/es\/wp-json\/wp\/v2\/comments?post=7591"}],"version-history":[{"count":1,"href":"https:\/\/www.comunicatur.info\/es\/wp-json\/wp\/v2\/posts\/7591\/revisions"}],"predecessor-version":[{"id":7592,"href":"https:\/\/www.comunicatur.info\/es\/wp-json\/wp\/v2\/posts\/7591\/revisions\/7592"}],"wp:attachment":[{"href":"https:\/\/www.comunicatur.info\/es\/wp-json\/wp\/v2\/media?parent=7591"}],"wp:term":[{"taxonomy":"category","embeddable":true,"href":"https:\/\/www.comunicatur.info\/es\/wp-json\/wp\/v2\/categories?post=7591"},{"taxonomy":"post_tag","embeddable":true,"href":"https:\/\/www.comunicatur.info\/es\/wp-json\/wp\/v2\/tags?post=7591"}],"curies":[{"name":"wp","href":"https:\/\/api.w.org\/{rel}","templated":true}]}}