{"id":7560,"date":"2015-09-04T00:00:34","date_gmt":"2015-09-03T22:00:34","guid":{"rendered":"https:\/\/comunicatur.info\/?p=7560"},"modified":"2015-09-07T23:43:24","modified_gmt":"2015-09-07T21:43:24","slug":"el-patronato-de-turismo-de-la-diputacion-de-lleida-convoca-el-xxvii-premio-pica-destats","status":"publish","type":"post","link":"https:\/\/www.comunicatur.info\/es\/el-patronato-de-turismo-de-la-diputacion-de-lleida-convoca-el-xxvii-premio-pica-destats\/","title":{"rendered":"El Patronato de Turismo de la Diputaci\u00f3n de Lleida convoca el XXVII Premio Pica d\u2019Estats"},"content":{"rendered":"<p>La Diputaci\u00f3n de Lleida, mediante el Patronato de Turismo, ha convocado el 27\u00ba Premio Tur\u00edstico Internacional Pica d&#8217;Estats de prensa, radio, televisi\u00f3n e Internet. El certamen tiene una dotaci\u00f3n econ\u00f3mica de 38.000 euros en premios y 8 categor\u00edas. El premio tur\u00edstico internacional, que convoca anualmente la Diputaci\u00f3n de Lleida, se ha convertido en un referente del periodismo tur\u00edstico de \u00e1mbito nacional e internacional, tanto por el n\u00famero de trabajos que se presentan como por la calidad de sus reportajes y por la identidad de los miembros del jurado.<\/p>\n<p><!--more-->A esta nueva convocatoria podr\u00e1n optar todos los trabajos period\u00edsticos que traten sobre cualquiera de los atractivos tur\u00edsticos de las Tierras de Lleida, publicados o emitidos en cualquier idioma entre el 19 de octubre de 2014 y el 18 de octubre de 2015. El periodo de inscripci\u00f3n estar\u00e1 abierto durante el plazo de un mes a contar desde el d\u00eda 19 de octubre de 2015. La inscripci\u00f3n se puede hacer en la web <a href=\"http:\/\/www.aralleida.com\/pica\" target=\"_blank\" rel=\"noopener\">www.aralleida.com\/pica<\/a>, y, para formalizarla, es necesario que el autor o autores (o cualquier persona o entidad que acredite el consentimiento) hagan llegar los trabajos y los remitan al presidente del Patronato de Turismo de la Diputaci\u00f3n de Lleida (Rambla de Ferran, 18, 3\u00ba, 25007 Lleida).<\/p>\n<p>El Premio Pica d&#8217;Estats distingue 8 categor\u00edas y destina una dotaci\u00f3n de 5.000 euros a cada una de las siguientes modalidades: prensa escrita de informaci\u00f3n general, prensa especializada en viajes y turismo, radio, televisi\u00f3n, prensa internacional, reportaje fotogr\u00e1fico y medios de comunicaci\u00f3n de las Tierras de Lleida. Tambi\u00e9n hay un premio de 3.000 euros destinado a la categor\u00eda de Internet (portales informativos multimedia).<\/p>\n<p><b>Composici\u00f3n del Jurado<\/b><\/p>\n<p>El jurado del 27\u00ba Pica d&#8217;Estats estar\u00e1 formado por reconocidos profesionales del mundo de la comunicaci\u00f3n. La presidenta del jurado ser\u00e1 Neus Bonet, decana del Colegio de Periodistas de Catalu\u00f1a. Formar\u00e1n parte de \u00e9l como vocales Santiago Costa, director de redacci\u00f3n del peri\u00f3dico Segre; Josep Cun\u00ed, director del programa 8 al dia, de 8TV; Llu\u00eds Foix, periodista y analista pol\u00edtico de La Vanguardia; Antonio Franco, asesor a la presidencia del Grupo Zeta; Rafa Gimena, presidente en la demarcaci\u00f3n de Lleida del Colegio de Periodistas de Catalu\u00f1a; Eduard Navarro, director general de Cadena Pirenaica de R\u00e0dio i Televisi\u00f3; Mariano Palac\u00edn, presidente de la Federaci\u00f3n Espa\u00f1ola de Periodistas y Escritores de Turismo; Josep Ramon Rib\u00e9, director del peri\u00f3dico La Ma\u00f1ana; M\u00f2nica Terribas, directora de Els matins de Catalunya R\u00e0dio, y actuando como secretario\/a, el director\/a del Patronato de Turismo. El jurado se reunir\u00e1 en la ciudad de Lleida el s\u00e1bado 13 de febrero de 2016.<\/p>\n<p><b>Alta participaci\u00f3n en la \u00faltima convocatoria<\/b><\/p>\n<p>El certamen recibi\u00f3 en su \u00faltima convocatoria 212 reportajes, 144 de los cuales correspondieron a trabajos de \u00e1mbito estatal; 33, a trabajos de \u00e1mbito internacional y 35, a medios locales. La cifra de 212 inscripciones represent\u00f3 el tercer mejor registro en toda la historia del galard\u00f3n y el segundo en cuanto a trabajos internacionales (33 de 17 pa\u00edses diferentes). En el \u00e1mbito internacional, cabe destacar la presencia por primera vez de obras procedentes de China, L\u00edbano, Marruecos, Egipto y M\u00e9xico. Por segundo a\u00f1o consecutivo tambi\u00e9n opt\u00f3 al premio un trabajo de Israel.<i>\/Noticia emitida por el Patronato de Turismo de la Diputaci\u00f3n de Lleida<\/i><\/p>\n","protected":false},"excerpt":{"rendered":"<p>La Diputaci\u00f3n de Lleida, mediante el Patronato de Turismo, ha convocado el 27\u00ba Premio Tur\u00edstico Internacional Pica d&#8217;Estats de prensa, radio, televisi\u00f3n e Internet. El certamen tiene una dotaci\u00f3n econ\u00f3mica de 38.000 euros en premios y 8 categor\u00edas. El premio tur\u00edstico internacional, que convoca anualmente la Diputaci\u00f3n de Lleida, se ha convertido en un referente &hellip;<\/p>\n","protected":false},"author":1,"featured_media":0,"comment_status":"closed","ping_status":"open","sticky":false,"template":"","format":"standard","meta":[],"categories":[62,61],"tags":[],"_links":{"self":[{"href":"https:\/\/www.comunicatur.info\/es\/wp-json\/wp\/v2\/posts\/7560"}],"collection":[{"href":"https:\/\/www.comunicatur.info\/es\/wp-json\/wp\/v2\/posts"}],"about":[{"href":"https:\/\/www.comunicatur.info\/es\/wp-json\/wp\/v2\/types\/post"}],"author":[{"embeddable":true,"href":"https:\/\/www.comunicatur.info\/es\/wp-json\/wp\/v2\/users\/1"}],"replies":[{"embeddable":true,"href":"https:\/\/www.comunicatur.info\/es\/wp-json\/wp\/v2\/comments?post=7560"}],"version-history":[{"count":1,"href":"https:\/\/www.comunicatur.info\/es\/wp-json\/wp\/v2\/posts\/7560\/revisions"}],"predecessor-version":[{"id":7561,"href":"https:\/\/www.comunicatur.info\/es\/wp-json\/wp\/v2\/posts\/7560\/revisions\/7561"}],"wp:attachment":[{"href":"https:\/\/www.comunicatur.info\/es\/wp-json\/wp\/v2\/media?parent=7560"}],"wp:term":[{"taxonomy":"category","embeddable":true,"href":"https:\/\/www.comunicatur.info\/es\/wp-json\/wp\/v2\/categories?post=7560"},{"taxonomy":"post_tag","embeddable":true,"href":"https:\/\/www.comunicatur.info\/es\/wp-json\/wp\/v2\/tags?post=7560"}],"curies":[{"name":"wp","href":"https:\/\/api.w.org\/{rel}","templated":true}]}}