{"id":7494,"date":"2015-08-07T00:00:32","date_gmt":"2015-08-06T22:00:32","guid":{"rendered":"https:\/\/comunicatur.info\/?p=7494"},"modified":"2015-08-11T10:14:13","modified_gmt":"2015-08-11T08:14:13","slug":"eurodisney-investigada-por-bruselas-para-cobrar-diferentes-tarifas-a-los-turistas-extranjeros","status":"publish","type":"post","link":"https:\/\/www.comunicatur.info\/es\/eurodisney-investigada-por-bruselas-para-cobrar-diferentes-tarifas-a-los-turistas-extranjeros\/","title":{"rendered":"Eurodisney investigada por Bruselas para cobrar diferentes tarifas a los turistas extranjeros"},"content":{"rendered":"<p>La Comisi\u00f3n Europea (CE) investiga Disneyland Par\u00eds por cobrar precios m\u00e1s bajos que benefician a franceses y belgas frente al resto de nacionalidades. Las autoridades europeas consideran que es ilegal y quieren que Disney justifique el motivo de esta aplicaci\u00f3n de tarifas diferentes seg\u00fan el pa\u00eds de residencia del visitante. El parque se defiende diciendo que se trata de unas diferencias motivadas por las promociones.<\/p>\n<p><!--more-->Bruselas ha recibido m\u00faltiples quejas por esta pr\u00e1ctica y ha decidido finalmente actuar. Disney Par\u00eds estar\u00eda cobrando entradas m\u00e1s econ\u00f3micas a los residentes en Francia y B\u00e9lgica porque tienen acceso a ofertas m\u00e1s favorables mientras que los visitantes de otros pa\u00edses tienen que pagar m\u00e1s por las mismas entradas.<\/p>\n<p>El parque tem\u00e1tico defiende que la pol\u00edtica de precios se basa en cuestiones promocionales y no de discriminaci\u00f3n. Los pa\u00edses tienen intereses diferentes con calendarios de vacaciones diferentes, aseguran. La CE considera que estas promociones \u201cno son accesibles a otros consumidores\u00bb y s\u00ed se pueden considerar una discriminaci\u00f3n ilegal. Las ofertas que est\u00e1n en Internet no son accesibles desde todos los pa\u00edses porque las webs redireccionan a la de cada pa\u00eds donde no aparecen ofertas y los precios son m\u00e1s elevados. El parque se defiende diciendo que no tienen ning\u00fan inconveniente en que personas otros pa\u00edses pidan reservar un paquete ofertado en otro pa\u00eds.<\/p>\n<p>Disneyland Par\u00eds tambi\u00e9n asegura que en taquilla los precios son exactamente iguales para todo el mundo pero Bruselas ha detectado que cuando se quiere hacer la compra f\u00edsicamente en taquilla para adquirir un abono anual Eurodisney exigen una cuenta bancaria francesa.<\/p>\n","protected":false},"excerpt":{"rendered":"<p>La Comisi\u00f3n Europea (CE) investiga Disneyland Par\u00eds por cobrar precios m\u00e1s bajos que benefician a franceses y belgas frente al resto de nacionalidades. Las autoridades europeas consideran que es ilegal y quieren que Disney justifique el motivo de esta aplicaci\u00f3n de tarifas diferentes seg\u00fan el pa\u00eds de residencia del visitante. El parque se defiende diciendo &hellip;<\/p>\n","protected":false},"author":1,"featured_media":0,"comment_status":"closed","ping_status":"open","sticky":false,"template":"","format":"standard","meta":[],"categories":[61,64],"tags":[],"_links":{"self":[{"href":"https:\/\/www.comunicatur.info\/es\/wp-json\/wp\/v2\/posts\/7494"}],"collection":[{"href":"https:\/\/www.comunicatur.info\/es\/wp-json\/wp\/v2\/posts"}],"about":[{"href":"https:\/\/www.comunicatur.info\/es\/wp-json\/wp\/v2\/types\/post"}],"author":[{"embeddable":true,"href":"https:\/\/www.comunicatur.info\/es\/wp-json\/wp\/v2\/users\/1"}],"replies":[{"embeddable":true,"href":"https:\/\/www.comunicatur.info\/es\/wp-json\/wp\/v2\/comments?post=7494"}],"version-history":[{"count":2,"href":"https:\/\/www.comunicatur.info\/es\/wp-json\/wp\/v2\/posts\/7494\/revisions"}],"predecessor-version":[{"id":7510,"href":"https:\/\/www.comunicatur.info\/es\/wp-json\/wp\/v2\/posts\/7494\/revisions\/7510"}],"wp:attachment":[{"href":"https:\/\/www.comunicatur.info\/es\/wp-json\/wp\/v2\/media?parent=7494"}],"wp:term":[{"taxonomy":"category","embeddable":true,"href":"https:\/\/www.comunicatur.info\/es\/wp-json\/wp\/v2\/categories?post=7494"},{"taxonomy":"post_tag","embeddable":true,"href":"https:\/\/www.comunicatur.info\/es\/wp-json\/wp\/v2\/tags?post=7494"}],"curies":[{"name":"wp","href":"https:\/\/api.w.org\/{rel}","templated":true}]}}