{"id":7408,"date":"2015-07-15T00:00:57","date_gmt":"2015-07-14T22:00:57","guid":{"rendered":"https:\/\/comunicatur.info\/?p=7408"},"modified":"2015-07-14T15:19:12","modified_gmt":"2015-07-14T13:19:12","slug":"cataluna-da-cabida-legal-a-la-oferta-de-habitaciones-de-airbnb","status":"publish","type":"post","link":"https:\/\/www.comunicatur.info\/es\/cataluna-da-cabida-legal-a-la-oferta-de-habitaciones-de-airbnb\/","title":{"rendered":"Catalu\u00f1a da cabida legal a la oferta de habitaciones de Airbnb"},"content":{"rendered":"<p>La Generalitat de Catalu\u00f1a modifica el decreto de alojamiento para regular las habitaciones tur\u00edsticas en viviendas particulares. Precisamente esta oferta fue la que motiv\u00f3 la multa a la multinacional Airbnb.<\/p>\n<p><!--more-->En un a\u00f1o la administraci\u00f3n catalana ha pasado de sancionar en julio de 2014 a la multinacional Airbnb por \u201ccomercializar oferta ilegal e ilegalizable\u201d, a regular esta oferta. El nuevo decreto de turismo da luz verde al Bed&amp;Breakfast bajo el nombre de Habitaciones en Vivienda Compartida. Tal y como public\u00f3 Comunicatur el mes de febrero \u201c<a title=\"El alquiler de habitaciones particulares estar\u00e1 regulado en Catalu\u00f1a\" href=\"https:\/\/www.comunicatur.info\/es\/el-alquiler-de-habitaciones-particulares-estara-regulado-en-cataluna\/\">El alquiler de habitaciones particulares estar\u00e1 regulado en Catalu\u00f1a<\/a>\u201d, el gobierno catal\u00e1n ha introducido esta modalidad dentro del marco legal.<\/p>\n<p>Seg\u00fan la informaci\u00f3n facilitada sobre este decreto de alojamiento catal\u00e1n, para poder ofrecer habitaciones el titular de la actividad tiene que ser el propietario de la vivienda y pernoctar durante la estancia del usuario. S\u00f3lo podr\u00e1 ceder un m\u00e1ximo de dos habitaciones, y como m\u00e1ximo cuatro meses al a\u00f1o. Para evitar la sobreocupaci\u00f3n no se podr\u00e1n alojar m\u00e1s personas en la vivienda que las establecidas a la c\u00e9dula de habitabilidad.<\/p>\n<p>Algunas de las caracter\u00edsticas que deber\u00e1n tener las habitaciones particulares son la de ventilaci\u00f3n exterior y estar suficientemente amuebladas para su ocupaci\u00f3n inmediata. Adem\u00e1s, el titular tendr\u00e1 que permitir el uso del ba\u00f1o a los hu\u00e9spedes y s\u00f3lo podr\u00e1 prestar servicio de desayuno. En el \u00e1mbito de las responsabilidades y procesos de legalizaci\u00f3n el propietario ser\u00e1 la figura responsable de las infracciones por incumplimiento de las normativas de consumo y municipales. Los ayuntamientos tendr\u00e1n que otorgar los permisos correspondientes para dar de alta a este tipo de alojamiento. Por \u00faltimo, estas viviendas tendr\u00e1n que estar se\u00f1alizadas con el distintivo o placa identificativa correspondiente.<\/p>\n","protected":false},"excerpt":{"rendered":"<p>La Generalitat de Catalu\u00f1a modifica el decreto de alojamiento para regular las habitaciones tur\u00edsticas en viviendas particulares. Precisamente esta oferta fue la que motiv\u00f3 la multa a la multinacional Airbnb. En un a\u00f1o la administraci\u00f3n catalana ha pasado de sancionar en julio de 2014 a la multinacional Airbnb por \u201ccomercializar oferta ilegal e ilegalizable\u201d, a &hellip;<\/p>\n","protected":false},"author":1,"featured_media":0,"comment_status":"closed","ping_status":"open","sticky":false,"template":"","format":"standard","meta":[],"categories":[59],"tags":[],"_links":{"self":[{"href":"https:\/\/www.comunicatur.info\/es\/wp-json\/wp\/v2\/posts\/7408"}],"collection":[{"href":"https:\/\/www.comunicatur.info\/es\/wp-json\/wp\/v2\/posts"}],"about":[{"href":"https:\/\/www.comunicatur.info\/es\/wp-json\/wp\/v2\/types\/post"}],"author":[{"embeddable":true,"href":"https:\/\/www.comunicatur.info\/es\/wp-json\/wp\/v2\/users\/1"}],"replies":[{"embeddable":true,"href":"https:\/\/www.comunicatur.info\/es\/wp-json\/wp\/v2\/comments?post=7408"}],"version-history":[{"count":2,"href":"https:\/\/www.comunicatur.info\/es\/wp-json\/wp\/v2\/posts\/7408\/revisions"}],"predecessor-version":[{"id":7411,"href":"https:\/\/www.comunicatur.info\/es\/wp-json\/wp\/v2\/posts\/7408\/revisions\/7411"}],"wp:attachment":[{"href":"https:\/\/www.comunicatur.info\/es\/wp-json\/wp\/v2\/media?parent=7408"}],"wp:term":[{"taxonomy":"category","embeddable":true,"href":"https:\/\/www.comunicatur.info\/es\/wp-json\/wp\/v2\/categories?post=7408"},{"taxonomy":"post_tag","embeddable":true,"href":"https:\/\/www.comunicatur.info\/es\/wp-json\/wp\/v2\/tags?post=7408"}],"curies":[{"name":"wp","href":"https:\/\/api.w.org\/{rel}","templated":true}]}}