{"id":7355,"date":"2015-07-02T00:00:44","date_gmt":"2015-07-01T22:00:44","guid":{"rendered":"https:\/\/comunicatur.info\/?p=7355"},"modified":"2015-07-02T20:18:39","modified_gmt":"2015-07-02T18:18:39","slug":"el-batacazo-de-edreams-odigeo-tras-multiplicar-perdidas","status":"publish","type":"post","link":"https:\/\/www.comunicatur.info\/es\/el-batacazo-de-edreams-odigeo-tras-multiplicar-perdidas\/","title":{"rendered":"El batacazo de eDreams Odigeo tras multiplicar p\u00e9rdidas"},"content":{"rendered":"<p>El grupo eDreams Odigeo ha marcado unos n\u00fameros rojos de m\u00e1s de 180 millones de euros en su \u00faltimo ejercicio fiscal seg\u00fan la Comisi\u00f3n Nacional del Mercado de Valores (CNMV). Tras conocerse estos resultados econ\u00f3micos ha vuelto a caer su cotizaci\u00f3n en bolsa.<\/p>\n<p><!--more-->La acumulaci\u00f3n continua de ca\u00eddas ha forzado al grupo, formado por eDreams, Opodo, Go Voyages y Travellink, a comunicar que han obtenido un beneficio de 13 millones de euros neto y un crecimiento del 1% en el margen sobre ingresos. Contrasta esta informaci\u00f3n con la imagen facilitada por la CNMV que recoge unas p\u00e9rdidas que multiplican casi por nueve las del ejercicio anterior.<\/p>\n<p>La acci\u00f3n de eDreams Odigeo se ha depreciado un 70% en poco m\u00e1s de un a\u00f1o. Los movimientos en el grupo no se han dejado esperar y se han llevado por delante a uno de sus cofundadores y consejero, Mauricio Prieto. La situaci\u00f3n ya se preve\u00eda complicada ya que hace cuatro meses tambi\u00e9n present\u00f3 su dimisi\u00f3n otro cofundador, James Hare, y a principios de a\u00f1o Javier P\u00e9rez-Tenessa abandon\u00f3 su puesto de consejero delegado.<\/p>\n<p>La online intenta salvar su solvencia e imagen de futuro ofreciendo datos positivos destacando el margen sobre ingresos que obtiene y el incremento de las reservas que ha conseguido que sit\u00faa en un 12%. Sus responsables lanzan un mensaje de tranquilidad afirmando que est\u00e1n en la l\u00ednea de sus previsiones y objetivos empresariales. Esperan que en unos dos a\u00f1os, eDreams Odigeo vuelva a la senda del crecimiento.<\/p>\n","protected":false},"excerpt":{"rendered":"<p>El grupo eDreams Odigeo ha marcado unos n\u00fameros rojos de m\u00e1s de 180 millones de euros en su \u00faltimo ejercicio fiscal seg\u00fan la Comisi\u00f3n Nacional del Mercado de Valores (CNMV). Tras conocerse estos resultados econ\u00f3micos ha vuelto a caer su cotizaci\u00f3n en bolsa. La acumulaci\u00f3n continua de ca\u00eddas ha forzado al grupo, formado por eDreams, &hellip;<\/p>\n","protected":false},"author":1,"featured_media":0,"comment_status":"closed","ping_status":"open","sticky":false,"template":"","format":"standard","meta":[],"categories":[61],"tags":[],"_links":{"self":[{"href":"https:\/\/www.comunicatur.info\/es\/wp-json\/wp\/v2\/posts\/7355"}],"collection":[{"href":"https:\/\/www.comunicatur.info\/es\/wp-json\/wp\/v2\/posts"}],"about":[{"href":"https:\/\/www.comunicatur.info\/es\/wp-json\/wp\/v2\/types\/post"}],"author":[{"embeddable":true,"href":"https:\/\/www.comunicatur.info\/es\/wp-json\/wp\/v2\/users\/1"}],"replies":[{"embeddable":true,"href":"https:\/\/www.comunicatur.info\/es\/wp-json\/wp\/v2\/comments?post=7355"}],"version-history":[{"count":1,"href":"https:\/\/www.comunicatur.info\/es\/wp-json\/wp\/v2\/posts\/7355\/revisions"}],"predecessor-version":[{"id":7356,"href":"https:\/\/www.comunicatur.info\/es\/wp-json\/wp\/v2\/posts\/7355\/revisions\/7356"}],"wp:attachment":[{"href":"https:\/\/www.comunicatur.info\/es\/wp-json\/wp\/v2\/media?parent=7355"}],"wp:term":[{"taxonomy":"category","embeddable":true,"href":"https:\/\/www.comunicatur.info\/es\/wp-json\/wp\/v2\/categories?post=7355"},{"taxonomy":"post_tag","embeddable":true,"href":"https:\/\/www.comunicatur.info\/es\/wp-json\/wp\/v2\/tags?post=7355"}],"curies":[{"name":"wp","href":"https:\/\/api.w.org\/{rel}","templated":true}]}}