{"id":7309,"date":"2015-06-22T00:00:34","date_gmt":"2015-06-21T22:00:34","guid":{"rendered":"https:\/\/comunicatur.info\/?p=7309"},"modified":"2015-06-21T22:43:47","modified_gmt":"2015-06-21T20:43:47","slug":"ecoturismo-en-cataluna-retos-para-un-turismo-sostenible-en-los-espacios-naturales-protegidos","status":"publish","type":"post","link":"https:\/\/www.comunicatur.info\/es\/ecoturismo-en-cataluna-retos-para-un-turismo-sostenible-en-los-espacios-naturales-protegidos\/","title":{"rendered":"Ecoturismo en Catalu\u00f1a: retos para un turismo sostenible en los Espacios Naturales Protegidos"},"content":{"rendered":"<p>El ecoturismo, entendido de manera simplificada como aquel turismo responsable de observaci\u00f3n y disfrute de la naturaleza respetuoso y dinamizador de las poblaciones locales, es una de las modalidades tur\u00edsticas que mejor compatibiliza los objetivos y valores promovidos por los propios Espacios Naturales Protegidos (ENP) con la actividad tur\u00edstica y de uso p\u00fablico.<\/p>\n<p><!--more-->Este 2015 en que \u00abCatalu\u00f1a es tu casa\u00bb, los destinos tur\u00edsticos catalanes de interior y de monta\u00f1a, y por extensi\u00f3n el sector del ecoturismo, toman un protagonismo especial, casi dir\u00eda que in\u00e9dito, para convertirse en referencia y atractivo para aquellos visitantes for\u00e1neos y locales con ganas de descubrir y disfrutar de los rincones que esconde la Catalu\u00f1a m\u00e1s salvaje. As\u00ed, en un contexto de redescubrimiento interior de nuestro pa\u00eds coincidente con el proceso de consolidaci\u00f3n del ecoturismo en nuestra casa, es oportuno detenerse y echar una mirada atenta a los retos que se plantean en el entorno del sector y de nuestros espacios naturales, sobre todo aquellos protegidos, que representan m\u00e1s del 30% de la extensi\u00f3n dentro de la ecuaci\u00f3n territorial.<\/p>\n<p>Primer reto: De&#8230; espacios protegidos fr\u00e1giles y amenazados a&#8230; patrimonio conservado y valorizado. Es importante reconocer que Catalu\u00f1a es naturaleza y es estrat\u00e9gico preservar ese car\u00e1cter. Nuestros ENP albergan una rica diversidad de h\u00e1bitats, especies, paisajes y fen\u00f3menos naturales, en un territorio relativamente peque\u00f1o cercano a los principales n\u00facleos urbanos del pa\u00eds, que se convierten en un atractivo ecotur\u00edstico de primer orden. Es clave que al poner en valor este patrimonio natural y cultural se tenga muy en cuenta su fragilidad con los impactos, y se garantice su conservaci\u00f3n haciendo un uso tur\u00edstico sostenible y responsable.<\/p>\n<p>Segundo reto: De&#8230; equipamientos e infraestructuras inadecuadas a&#8230; servicios de dinamizaci\u00f3n tur\u00edstica y territorial. Los ENP disponen de una extensa red de equipamientos p\u00fablicos de acogida de visitantes, se\u00f1alizaci\u00f3n e interpretaci\u00f3n del patrimonio pero con importantes diferencias en cantidad y calidad entre ellos. Estos requieren ser optimizados para hacerlos atractivos e integrados en la oferta tur\u00edstica y afines a la l\u00f3gica de dinamizaci\u00f3n territorial. Las opciones de acceso y movilidad interna en los ENP, sobre todo en transporte p\u00fablico o colectivo son escasas y poco competitivas, y la adaptaci\u00f3n de los equipamientos para personas con necesidades especiales (movilidad, visual, auditiva, cognitiva) necesita a\u00fan recorrer un largo camino.<\/p>\n<p>Tercer reto: De&#8230; sector con potencialidad a&#8230; sector consolidado y corresponsable. Dentro de la red de ENP se ofrece una diversa gama de actividades y productos de naturaleza que se pueden disfrutar durante todo el a\u00f1o, favoreciendo la desestacionalizaci\u00f3n, y como buen complemento de otros sistemas productivos, modalidades tur\u00edsticas y servicios. Falta, sin embargo, la generaci\u00f3n y promoci\u00f3n de m\u00e1s y mejores paquetes combinados que integren diversos servicios complementarios de \u00e1mbito rural (turismo rural, producto local, etc.). En cuanto a los proveedores de actividades de ecoturismo, se cuenta con un extenso y disperso tejido creciente integrado por microempresas repartidas por el territorio con alto nivel de especializaci\u00f3n pero una baja profesionalizaci\u00f3n tur\u00edstica a la que se debe hacer frente.<\/p>\n<p>Cuarto reto: De&#8230; sector poco planificado a&#8230; herramientas transversales y coordinadas con informaci\u00f3n de calidad. La Carta Europea de Turismo Sostenible (CETS), sistema de acreditaci\u00f3n voluntaria de los ENP, se consolida como una valiosa metodolog\u00eda para la planificaci\u00f3n del turismo de naturaleza y la concertaci\u00f3n de agentes tur\u00edsticos en pro del desarrollo local. Por otro lado hay una falta urgente de sistematizaci\u00f3n de datos y de informaci\u00f3n, cuantitativa y cualitativa, en materia de ecoturismo en Catalu\u00f1a (estado de los recursos, productos y proveedores, preferencias de los usuarios, etc.).<\/p>\n<p>Quinto reto: De&#8230; competencia entre microempresas e instituciones a&#8230; red de cooperaci\u00f3n p\u00fablico-privada. Se requieren marcos de colaboraci\u00f3n y fluidez entre los \u00f3rganos p\u00fablicos de planificaci\u00f3n y promoci\u00f3n tur\u00edstica y los entes de gesti\u00f3n de los ENP, junto con los agentes privados sectoriales en ecoturismo. Tenemos un tejido empresarial de naturaleza din\u00e1mico pero poco organizado que necesita apostar por una visi\u00f3n en red y objetivos comunes ambiciosos. Hay que fomentar marcos de colaboraci\u00f3n estables y efectivos que aglutinen y refuercen todos los agentes implicados en el sector ecotur\u00edstico.<\/p>\n<p>En conclusi\u00f3n, unos cuantos retos que si se abordan con inteligencia y tenacidad pueden generar numerosas oportunidades en esta Catalu\u00f1a que d\u00eda a d\u00eda se repiensa y se reescribe.<\/p>\n<p><b><a href=\"https:\/\/www.comunicatur.info\/wp-content\/uploads\/2015\/06\/XavierCazorlaEcoturismo.jpg\"><img class=\"alignleft size-full wp-image-7306\" alt=\"XavierCazorla(Ecoturismo)\" src=\"https:\/\/www.comunicatur.info\/wp-content\/uploads\/2015\/06\/XavierCazorlaEcoturismo.jpg\" width=\"186\" height=\"145\" \/><\/a>Xavier Cazorla, ambient\u00f3logo y fundador de la empresa <\/b><b>\u0113leMents, <i>muntanyes d\u2019idees<\/i><\/b><b><\/b><\/p>\n<p><a href=\"mailto:\/\/xcazorla@inneus.cat\" target=\"_blank\" rel=\"noopener\">xcazorla@inneus.cat <\/a><\/p>\n<p><a href=\"http:\/\/www.twitter.com\/XavierCazorla\" target=\"_blank\" rel=\"noopener\">@XavierCazorla<\/a><\/p>\n","protected":false},"excerpt":{"rendered":"<p>El ecoturismo, entendido de manera simplificada como aquel turismo responsable de observaci\u00f3n y disfrute de la naturaleza respetuoso y dinamizador de las poblaciones locales, es una de las modalidades tur\u00edsticas que mejor compatibiliza los objetivos y valores promovidos por los propios Espacios Naturales Protegidos (ENP) con la actividad tur\u00edstica y de uso p\u00fablico. Este 2015 &hellip;<\/p>\n","protected":false},"author":1,"featured_media":0,"comment_status":"closed","ping_status":"open","sticky":false,"template":"","format":"standard","meta":[],"categories":[62],"tags":[],"_links":{"self":[{"href":"https:\/\/www.comunicatur.info\/es\/wp-json\/wp\/v2\/posts\/7309"}],"collection":[{"href":"https:\/\/www.comunicatur.info\/es\/wp-json\/wp\/v2\/posts"}],"about":[{"href":"https:\/\/www.comunicatur.info\/es\/wp-json\/wp\/v2\/types\/post"}],"author":[{"embeddable":true,"href":"https:\/\/www.comunicatur.info\/es\/wp-json\/wp\/v2\/users\/1"}],"replies":[{"embeddable":true,"href":"https:\/\/www.comunicatur.info\/es\/wp-json\/wp\/v2\/comments?post=7309"}],"version-history":[{"count":2,"href":"https:\/\/www.comunicatur.info\/es\/wp-json\/wp\/v2\/posts\/7309\/revisions"}],"predecessor-version":[{"id":7311,"href":"https:\/\/www.comunicatur.info\/es\/wp-json\/wp\/v2\/posts\/7309\/revisions\/7311"}],"wp:attachment":[{"href":"https:\/\/www.comunicatur.info\/es\/wp-json\/wp\/v2\/media?parent=7309"}],"wp:term":[{"taxonomy":"category","embeddable":true,"href":"https:\/\/www.comunicatur.info\/es\/wp-json\/wp\/v2\/categories?post=7309"},{"taxonomy":"post_tag","embeddable":true,"href":"https:\/\/www.comunicatur.info\/es\/wp-json\/wp\/v2\/tags?post=7309"}],"curies":[{"name":"wp","href":"https:\/\/api.w.org\/{rel}","templated":true}]}}