{"id":7290,"date":"2015-06-16T00:00:59","date_gmt":"2015-06-15T22:00:59","guid":{"rendered":"https:\/\/comunicatur.info\/?p=7290"},"modified":"2015-06-13T21:04:53","modified_gmt":"2015-06-13T19:04:53","slug":"abandoneis-la-rambla-los-turistas-asi-empezo-el-fin-de-venecia","status":"publish","type":"post","link":"https:\/\/www.comunicatur.info\/es\/abandoneis-la-rambla-los-turistas-asi-empezo-el-fin-de-venecia\/","title":{"rendered":"No abandon\u00e9is la Rambla a los turistas, as\u00ed empez\u00f3 el fin de Venecia"},"content":{"rendered":"<p>El antrop\u00f3logo cultural, Duccio Canestrini, ha reflexionado en una interesante entrevista sobre el nuevo turismo de masas que afecta actualmente e incidir\u00e1 m\u00e1s en el futuro sobre la ciudad de Barcelona.<\/p>\n<p><!--more-->Canestrini cree que el turismo da miedo a aquellos que no se\u00a0 benefician del turismo y que tenemos que aprender a gestionar. En una entrevista publicada por La Vanguardia, el antrop\u00f3logo defiende al turista y no lo considera culpable de nada. \u201cNo disparemos al turista, todos lo hemos sido y lo somos en alg\u00fan momento\u201d, el problema est\u00e1 cuando el n\u00famero de visitantes supera la capacidad de carga de un destino y se vuelve insoportable.<\/p>\n<p>Pone el ejemplo de Venecia, donde centenares de miles de turistas superan los pocos miles de residentes. \u201cSe planifica convertirla toda ella en un parque tem\u00e1tico y cobrar la entrada a los turistas\u201d, ha sido v\u00edctima de su propio \u00e9xito tur\u00edstico.<\/p>\n<p>Para Canestrini \u201cuna alternativa interesante\u201d para preservar patrimonio es lo que se ha hecho con alguna cueva prehist\u00f3rica que se ha cerrado y se ha hecho una r\u00e9plica exacta para el turismo masivo. En este sentido explica que en Florencia se estudian r\u00e9plicas parecidas para los turistas, especialmente asi\u00e1ticos, que no valoran tanto la originalidad. C\u00f3mo hacerlo: \u201ccerca de los aeropuertos pondr\u00edamos r\u00e9plicas tur\u00edsticas de las ciudades para que el original no se vuelva inhabitable para sus ciudadanos\u201d.<\/p>\n<p>Sobre la saturaci\u00f3n de algunas zonas de la ciudad y la expulsi\u00f3n de los ciudadanos aut\u00f3ctonos, el antrop\u00f3logo comenta que esta es una situaci\u00f3n muy habitual de los destinos tur\u00edsticos masivos. \u201cLos habitantes locales abandonan \u00e1reas enteras de la ciudad al turismo. Sacrifican parte del entorno para poder concentrarse en mantener su manera de vivir en las \u00e1reas no tur\u00edsticas\u201d.<\/p>\n<p>Por \u00faltimo, Canestrini hace una reflexi\u00f3n sobre los efectos del turismo cuando dice que los turistas no s\u00f3lo tienen que hacer que suban los precios sino tambi\u00e9n los sueldos, y que baje el IBI.<\/p>\n","protected":false},"excerpt":{"rendered":"<p>El antrop\u00f3logo cultural, Duccio Canestrini, ha reflexionado en una interesante entrevista sobre el nuevo turismo de masas que afecta actualmente e incidir\u00e1 m\u00e1s en el futuro sobre la ciudad de Barcelona. Canestrini cree que el turismo da miedo a aquellos que no se\u00a0 benefician del turismo y que tenemos que aprender a gestionar. En una &hellip;<\/p>\n","protected":false},"author":1,"featured_media":0,"comment_status":"closed","ping_status":"open","sticky":false,"template":"","format":"standard","meta":[],"categories":[62,72],"tags":[],"_links":{"self":[{"href":"https:\/\/www.comunicatur.info\/es\/wp-json\/wp\/v2\/posts\/7290"}],"collection":[{"href":"https:\/\/www.comunicatur.info\/es\/wp-json\/wp\/v2\/posts"}],"about":[{"href":"https:\/\/www.comunicatur.info\/es\/wp-json\/wp\/v2\/types\/post"}],"author":[{"embeddable":true,"href":"https:\/\/www.comunicatur.info\/es\/wp-json\/wp\/v2\/users\/1"}],"replies":[{"embeddable":true,"href":"https:\/\/www.comunicatur.info\/es\/wp-json\/wp\/v2\/comments?post=7290"}],"version-history":[{"count":1,"href":"https:\/\/www.comunicatur.info\/es\/wp-json\/wp\/v2\/posts\/7290\/revisions"}],"predecessor-version":[{"id":7291,"href":"https:\/\/www.comunicatur.info\/es\/wp-json\/wp\/v2\/posts\/7290\/revisions\/7291"}],"wp:attachment":[{"href":"https:\/\/www.comunicatur.info\/es\/wp-json\/wp\/v2\/media?parent=7290"}],"wp:term":[{"taxonomy":"category","embeddable":true,"href":"https:\/\/www.comunicatur.info\/es\/wp-json\/wp\/v2\/categories?post=7290"},{"taxonomy":"post_tag","embeddable":true,"href":"https:\/\/www.comunicatur.info\/es\/wp-json\/wp\/v2\/tags?post=7290"}],"curies":[{"name":"wp","href":"https:\/\/api.w.org\/{rel}","templated":true}]}}