{"id":7193,"date":"2015-05-20T00:00:53","date_gmt":"2015-05-19T22:00:53","guid":{"rendered":"https:\/\/comunicatur.info\/?p=7193"},"modified":"2015-05-20T17:18:06","modified_gmt":"2015-05-20T15:18:06","slug":"el-equilibrio-entre-residentes-y-turistas-reto-del-turismo-en-barcelona","status":"publish","type":"post","link":"https:\/\/www.comunicatur.info\/es\/el-equilibrio-entre-residentes-y-turistas-reto-del-turismo-en-barcelona\/","title":{"rendered":"El equilibrio entre residentes y turistas, reto del turismo en Barcelona"},"content":{"rendered":"<p>La gesti\u00f3n del turismo en Barcelona ha ocupado un espacio central en la campa\u00f1a electoral de los candidatos al Ayuntamiento en las elecciones municipales.<\/p>\n<p><!--more-->La mayor\u00eda de los partidos han coincidido en la necesidad de elaborar un Plan Estrat\u00e9gico de Turismo con modelos de gobernanza m\u00e1s participativos y fortalecer la colaboraci\u00f3n p\u00fablico-privada con la inclusi\u00f3n de agentes vecinales. En una jornada celebrada en ESADE Forum, los candidatos tambi\u00e9n apostaron por regular la econom\u00eda colaborativa as\u00ed como mejorar la formaci\u00f3n del sector.<\/p>\n<p>Los candidatos reconocen el \u00e9xito tur\u00edstico de la ciudad y abogan por atraer un turismo de calidad que genere m\u00e1s valor. En paralelo apuestan por descentralizar el turismo de las zonas m\u00e1s saturadas y mejorar la convivencia entre el residente y el turista.<\/p>\n<p>A pesar de que la percepci\u00f3n sobre el turismo es positiva, muchos vecinos ven en la concentraci\u00f3n un inconveniente que afecta a la convivencia.<\/p>\n<p>Por su parte, el decano de la Facultad de Turismo y Direcci\u00f3n Hotelera Sant Ignasi (Universitat Ramon Llull) Ricard Santom\u00e0, se\u00f1al\u00f3 al abrir el acto que \u201cBarcelona es un caso de \u00e9xit dentro del turismo\u201d y en este sentido, el 80% de sus ciudadanos consideran que es una actividad positiva. La relaci\u00f3n entre el turista y el ciudadano tiene que ser \u201cuna relaci\u00f3n fruct\u00edfera en la cual todo el mundo salga ganando\u201d y se mostr\u00f3 en contra de \u201c la creaci\u00f3n de micro-guetos tur\u00edsticos\u201d.<\/p>\n","protected":false},"excerpt":{"rendered":"<p>La gesti\u00f3n del turismo en Barcelona ha ocupado un espacio central en la campa\u00f1a electoral de los candidatos al Ayuntamiento en las elecciones municipales. La mayor\u00eda de los partidos han coincidido en la necesidad de elaborar un Plan Estrat\u00e9gico de Turismo con modelos de gobernanza m\u00e1s participativos y fortalecer la colaboraci\u00f3n p\u00fablico-privada con la inclusi\u00f3n &hellip;<\/p>\n","protected":false},"author":1,"featured_media":0,"comment_status":"closed","ping_status":"open","sticky":false,"template":"","format":"standard","meta":[],"categories":[62],"tags":[],"_links":{"self":[{"href":"https:\/\/www.comunicatur.info\/es\/wp-json\/wp\/v2\/posts\/7193"}],"collection":[{"href":"https:\/\/www.comunicatur.info\/es\/wp-json\/wp\/v2\/posts"}],"about":[{"href":"https:\/\/www.comunicatur.info\/es\/wp-json\/wp\/v2\/types\/post"}],"author":[{"embeddable":true,"href":"https:\/\/www.comunicatur.info\/es\/wp-json\/wp\/v2\/users\/1"}],"replies":[{"embeddable":true,"href":"https:\/\/www.comunicatur.info\/es\/wp-json\/wp\/v2\/comments?post=7193"}],"version-history":[{"count":1,"href":"https:\/\/www.comunicatur.info\/es\/wp-json\/wp\/v2\/posts\/7193\/revisions"}],"predecessor-version":[{"id":7194,"href":"https:\/\/www.comunicatur.info\/es\/wp-json\/wp\/v2\/posts\/7193\/revisions\/7194"}],"wp:attachment":[{"href":"https:\/\/www.comunicatur.info\/es\/wp-json\/wp\/v2\/media?parent=7193"}],"wp:term":[{"taxonomy":"category","embeddable":true,"href":"https:\/\/www.comunicatur.info\/es\/wp-json\/wp\/v2\/categories?post=7193"},{"taxonomy":"post_tag","embeddable":true,"href":"https:\/\/www.comunicatur.info\/es\/wp-json\/wp\/v2\/tags?post=7193"}],"curies":[{"name":"wp","href":"https:\/\/api.w.org\/{rel}","templated":true}]}}