{"id":7174,"date":"2015-05-14T00:00:21","date_gmt":"2015-05-13T22:00:21","guid":{"rendered":"https:\/\/comunicatur.info\/?p=7174"},"modified":"2015-05-14T13:09:28","modified_gmt":"2015-05-14T11:09:28","slug":"los-campings-se-clasificaran-por-estrellas","status":"publish","type":"post","link":"https:\/\/www.comunicatur.info\/es\/los-campings-se-clasificaran-por-estrellas\/","title":{"rendered":"Los campings se clasificar\u00e1n por estrellas"},"content":{"rendered":"<p>La Conferencia Sectorial de Turismo que agrupa a los gobiernos central y auton\u00f3micos ha decidido unificar la clasificaci\u00f3n de los campings bajo el distintivo de estrellas. Todas las comunidades adaptar\u00e1n sus normativas para hacer efectiva esta decisi\u00f3n.<\/p>\n<p>Este acuerdo va en sinton\u00eda a los ya adoptados en anteriores reuniones que tambi\u00e9n homogeneizaba la clasificaci\u00f3n de los establecimientos hoteleros y la de los alojamientos rurales bajo las \u201cestrellas verdes\u201d. En este \u00faltimo caso, Catalu\u00f1a se desmarc\u00f3 y ha mantenido su clasificaci\u00f3n por espigas en el turismo rural. Concretamente una espiga dorada identifica a los establecimientos de turismo rural que permiten la pr\u00e1ctica del agroturismo y una espiga verde los alojamientos rurales sin este componente.<\/p>\n<p>El ministro de Industria, Energ\u00eda y Turismo, Jos\u00e9 Manuel Soria, ha declarado que se \u201cha logrado un importante avance en la unidad de mercado tras haber acordado utilizar en todo el territorio nacional el distintivo de estrellas para clasificar los alojamientos de campings\u201d. Seg\u00fan el Gobierno la unidad de mercado es esencial para la industria tur\u00edstica espa\u00f1ola ya que \u201cconviven m\u00e1s de 250 normas que pueden afectar a la competitividad del sector\u201d.<\/p>\n<p>En esta misma l\u00ednea, el ministerio ha anunciado que se han armonizado los requisitos de la normativa de Turismo Activo, segmento para el que \u201cse ha unificado la definici\u00f3n para todo el territorio nacional as\u00ed como el establecimiento de los seguros de responsabilidad civil\u201d. \u201cAs\u00ed se ha conseguido dotar de mayor seguridad jur\u00eddica tanto a las empresas como al turista que requiere de estos servicios\u201d, afirma el ministerio.<\/p>\n","protected":false},"excerpt":{"rendered":"<p>La Conferencia Sectorial de Turismo que agrupa a los gobiernos central y auton\u00f3micos ha decidido unificar la clasificaci\u00f3n de los campings bajo el distintivo de estrellas. Todas las comunidades adaptar\u00e1n sus normativas para hacer efectiva esta decisi\u00f3n. Este acuerdo va en sinton\u00eda a los ya adoptados en anteriores reuniones que tambi\u00e9n homogeneizaba la clasificaci\u00f3n de &hellip;<\/p>\n","protected":false},"author":1,"featured_media":0,"comment_status":"closed","ping_status":"open","sticky":false,"template":"","format":"standard","meta":[],"categories":[59],"tags":[],"_links":{"self":[{"href":"https:\/\/www.comunicatur.info\/es\/wp-json\/wp\/v2\/posts\/7174"}],"collection":[{"href":"https:\/\/www.comunicatur.info\/es\/wp-json\/wp\/v2\/posts"}],"about":[{"href":"https:\/\/www.comunicatur.info\/es\/wp-json\/wp\/v2\/types\/post"}],"author":[{"embeddable":true,"href":"https:\/\/www.comunicatur.info\/es\/wp-json\/wp\/v2\/users\/1"}],"replies":[{"embeddable":true,"href":"https:\/\/www.comunicatur.info\/es\/wp-json\/wp\/v2\/comments?post=7174"}],"version-history":[{"count":2,"href":"https:\/\/www.comunicatur.info\/es\/wp-json\/wp\/v2\/posts\/7174\/revisions"}],"predecessor-version":[{"id":7176,"href":"https:\/\/www.comunicatur.info\/es\/wp-json\/wp\/v2\/posts\/7174\/revisions\/7176"}],"wp:attachment":[{"href":"https:\/\/www.comunicatur.info\/es\/wp-json\/wp\/v2\/media?parent=7174"}],"wp:term":[{"taxonomy":"category","embeddable":true,"href":"https:\/\/www.comunicatur.info\/es\/wp-json\/wp\/v2\/categories?post=7174"},{"taxonomy":"post_tag","embeddable":true,"href":"https:\/\/www.comunicatur.info\/es\/wp-json\/wp\/v2\/tags?post=7174"}],"curies":[{"name":"wp","href":"https:\/\/api.w.org\/{rel}","templated":true}]}}