{"id":7161,"date":"2015-05-11T00:00:38","date_gmt":"2015-05-10T22:00:38","guid":{"rendered":"https:\/\/comunicatur.info\/?p=7161"},"modified":"2015-05-11T15:28:56","modified_gmt":"2015-05-11T13:28:56","slug":"el-empleo-turistico-crecera-un-3-en-el-segundo-trimestre-de-2015","status":"publish","type":"post","link":"https:\/\/www.comunicatur.info\/es\/el-empleo-turistico-crecera-un-3-en-el-segundo-trimestre-de-2015\/","title":{"rendered":"El empleo tur\u00edstico crecer\u00e1 un 3% en el segundo trimestre de 2015"},"content":{"rendered":"<p>Los \u00faltimos datos del ministerio indican que el empleo en el turismo ha crecido interanualmente un 4,9%, lo que supone 91.000 afiliados m\u00e1s. Las previsiones para el segundo trimestre es de un incremento en el nivel de afiliaci\u00f3n del 3%.<\/p>\n<p><!--more-->El ministro de Industria, Energ\u00eda y Turismo, Jos\u00e9 Manuel Soria, ha querido resaltar la excepcional coyuntura tur\u00edstica espa\u00f1ola \u201cque une la tendencia extraordinaria del turismo internacional y la neta mejor\u00eda del emisor nacional que se refleja en los viajes que realiza tanto fuera como dentro de Espa\u00f1a\u201d.<\/p>\n<p>Junto a los buenos resultados del mercado laboral tur\u00edstico, Soria ha se\u00f1alado que los datos de turismo internacional mantienen un crecimiento record en el primer trimestre de 2015 con 10,6 millones de viajeros y un gasto total superior a 10.764 millones de euros. El ministro de Industria, Energ\u00eda y Turismo ha avanzado que las previsiones que maneja su departamento de cara al segundo trimestre son igualmente positivas ya que se espera superar las cifras de 2014.<\/p>\n<p>El ministro ha expuesto las buenas perspectivas que se mantienen para mercados emisores como Reino Unido, Francia y Alemania, Suiza, B\u00e9lgica, Italia o Portugal as\u00ed como el dinamismo que muestran otros mercados lejanos como el estadounidense o los asi\u00e1ticos. Destaca el empuje de los turistas internacionales procedentes de Jap\u00f3n, China y Corea del Sur que han aumentado un 36,5%, un 62,7% y un 82,6% respectivamente los primeros meses de este a\u00f1o.<\/p>\n","protected":false},"excerpt":{"rendered":"<p>Los \u00faltimos datos del ministerio indican que el empleo en el turismo ha crecido interanualmente un 4,9%, lo que supone 91.000 afiliados m\u00e1s. Las previsiones para el segundo trimestre es de un incremento en el nivel de afiliaci\u00f3n del 3%. El ministro de Industria, Energ\u00eda y Turismo, Jos\u00e9 Manuel Soria, ha querido resaltar la excepcional &hellip;<\/p>\n","protected":false},"author":1,"featured_media":0,"comment_status":"closed","ping_status":"open","sticky":false,"template":"","format":"standard","meta":[],"categories":[61,74],"tags":[],"_links":{"self":[{"href":"https:\/\/www.comunicatur.info\/es\/wp-json\/wp\/v2\/posts\/7161"}],"collection":[{"href":"https:\/\/www.comunicatur.info\/es\/wp-json\/wp\/v2\/posts"}],"about":[{"href":"https:\/\/www.comunicatur.info\/es\/wp-json\/wp\/v2\/types\/post"}],"author":[{"embeddable":true,"href":"https:\/\/www.comunicatur.info\/es\/wp-json\/wp\/v2\/users\/1"}],"replies":[{"embeddable":true,"href":"https:\/\/www.comunicatur.info\/es\/wp-json\/wp\/v2\/comments?post=7161"}],"version-history":[{"count":1,"href":"https:\/\/www.comunicatur.info\/es\/wp-json\/wp\/v2\/posts\/7161\/revisions"}],"predecessor-version":[{"id":7162,"href":"https:\/\/www.comunicatur.info\/es\/wp-json\/wp\/v2\/posts\/7161\/revisions\/7162"}],"wp:attachment":[{"href":"https:\/\/www.comunicatur.info\/es\/wp-json\/wp\/v2\/media?parent=7161"}],"wp:term":[{"taxonomy":"category","embeddable":true,"href":"https:\/\/www.comunicatur.info\/es\/wp-json\/wp\/v2\/categories?post=7161"},{"taxonomy":"post_tag","embeddable":true,"href":"https:\/\/www.comunicatur.info\/es\/wp-json\/wp\/v2\/tags?post=7161"}],"curies":[{"name":"wp","href":"https:\/\/api.w.org\/{rel}","templated":true}]}}