{"id":7157,"date":"2015-05-08T00:00:19","date_gmt":"2015-05-07T22:00:19","guid":{"rendered":"https:\/\/comunicatur.info\/?p=7157"},"modified":"2015-05-11T15:28:39","modified_gmt":"2015-05-11T13:28:39","slug":"sale-adelante-la-nueva-directiva-de-viajes-combinados","status":"publish","type":"post","link":"https:\/\/www.comunicatur.info\/es\/sale-adelante-la-nueva-directiva-de-viajes-combinados\/","title":{"rendered":"Sale adelante la nueva directiva de Viajes Combinados"},"content":{"rendered":"<p>Las instituciones europeas han acordado un texto definitivo para la nueva Directiva de Viajes Combinados al que deber\u00e1n acogerse los Estados. En el plazo m\u00e1ximo de dos a\u00f1os deber\u00e1n modificar sus respectivas normativas. La nueva Directiva la rechaza el sector de agencias de viaje y turoperadores.<\/p>\n<p>La actual normativa data de 1990 y tras un a\u00f1o de debate finalmente se modificar\u00e1 para ofrecer, seg\u00fan las autoridades europeas, m\u00e1s protecci\u00f3n a los consumidores que reservan por internet los viajes combinados (hotel, alquiler coche, vuelo). En la propuesta se incorporan los nuevos canales de comercializaci\u00f3n y extiende las garant\u00edas de los viajeros a cada uno de ellos. Incorpora obligaciones a los operadores de los viajes que deber\u00e1n cubrir los gastos de 3 noches de hotel a los clientes en caso de no poder regresar a su pa\u00eds tras alg\u00fan acontecimiento imprevisto \u2013cat\u00e1strofe natural o atentado terrorista-. Tambi\u00e9n se ampl\u00eda la cobertura del cliente en caso de insolvencia o quiebra del intermediario. La ampliaci\u00f3n de la protecci\u00f3n a los clientes permite, por ejemplo, que puedan anular el viaje sin penalizaci\u00f3n alguna si el precio sube un 8% desde que se realiz\u00f3 la reserva. Esta medida est\u00e1 vinculada a la subida de los precios de los paquetes en funci\u00f3n del precio del carburante.<\/p>\n<p>Las agencias consideran que con la Directiva asumen una responsabilidad superior a la exigida a otros sectores como los de la aviaci\u00f3n. En caso de quiebra de una aerol\u00ednea la agencia organizadora del viaje queda como responsable ante su cliente.<\/p>\n<p>Los hoteleros tampoco est\u00e1n a favor de la Directiva ya que ofrecen servicios complementarios a sus clientes como transfers, alquiler de servicios, ventas de entradas&#8230; que podr\u00edan quedar incluidos en la nueva normativa bajo la consideraci\u00f3n de servicio asistido de viaje y provocar un sobrecoste de los servicios.<\/p>\n","protected":false},"excerpt":{"rendered":"<p>Las instituciones europeas han acordado un texto definitivo para la nueva Directiva de Viajes Combinados al que deber\u00e1n acogerse los Estados. En el plazo m\u00e1ximo de dos a\u00f1os deber\u00e1n modificar sus respectivas normativas. La nueva Directiva la rechaza el sector de agencias de viaje y turoperadores. La actual normativa data de 1990 y tras un &hellip;<\/p>\n","protected":false},"author":1,"featured_media":0,"comment_status":"closed","ping_status":"open","sticky":false,"template":"","format":"standard","meta":[],"categories":[66],"tags":[],"_links":{"self":[{"href":"https:\/\/www.comunicatur.info\/es\/wp-json\/wp\/v2\/posts\/7157"}],"collection":[{"href":"https:\/\/www.comunicatur.info\/es\/wp-json\/wp\/v2\/posts"}],"about":[{"href":"https:\/\/www.comunicatur.info\/es\/wp-json\/wp\/v2\/types\/post"}],"author":[{"embeddable":true,"href":"https:\/\/www.comunicatur.info\/es\/wp-json\/wp\/v2\/users\/1"}],"replies":[{"embeddable":true,"href":"https:\/\/www.comunicatur.info\/es\/wp-json\/wp\/v2\/comments?post=7157"}],"version-history":[{"count":1,"href":"https:\/\/www.comunicatur.info\/es\/wp-json\/wp\/v2\/posts\/7157\/revisions"}],"predecessor-version":[{"id":7158,"href":"https:\/\/www.comunicatur.info\/es\/wp-json\/wp\/v2\/posts\/7157\/revisions\/7158"}],"wp:attachment":[{"href":"https:\/\/www.comunicatur.info\/es\/wp-json\/wp\/v2\/media?parent=7157"}],"wp:term":[{"taxonomy":"category","embeddable":true,"href":"https:\/\/www.comunicatur.info\/es\/wp-json\/wp\/v2\/categories?post=7157"},{"taxonomy":"post_tag","embeddable":true,"href":"https:\/\/www.comunicatur.info\/es\/wp-json\/wp\/v2\/tags?post=7157"}],"curies":[{"name":"wp","href":"https:\/\/api.w.org\/{rel}","templated":true}]}}