{"id":7146,"date":"2015-05-06T00:00:15","date_gmt":"2015-05-05T22:00:15","guid":{"rendered":"https:\/\/comunicatur.info\/?p=7146"},"modified":"2015-05-06T16:43:24","modified_gmt":"2015-05-06T14:43:24","slug":"la-costa-brava-podria-acoger-la-ryder-cup-de-golf-en-2022","status":"publish","type":"post","link":"https:\/\/www.comunicatur.info\/es\/la-costa-brava-podria-acoger-la-ryder-cup-de-golf-en-2022\/","title":{"rendered":"La Costa Brava podr\u00eda acoger la Ryder Cup de golf en 2022"},"content":{"rendered":"<p>La Federaci\u00f3n Espa\u00f1ola de Golf ha entregado el documento de candidatura al Comit\u00e9 Ryder Europe para celebrar en el PGA Catalunya Resort (Girona) el enfrentamiento golf\u00edstico m\u00e1s importante del mundo entre los equipos de Europa y Estados Unidos. Tiene un impacto econ\u00f3mico estimado de 140 millones y una media de 60 mil visitantes diarios, el 60% extranjeros.<\/p>\n<p><!--more-->En oto\u00f1o de 2015 se conocer\u00e1 la sede elegida. Entre los puntos a favor de la candidatura se encuentra su proximidad a ciudades como Barcelona y Girona conectadas por una l\u00ednea de tren de alta velocidad y con aeropuertos internacionales. Pero tambi\u00e9n que el PGA Catalunya Resort ha sido elegido como el mejor campo de golf de Espa\u00f1a durante 3 a\u00f1os consecutivos y la Asociaci\u00f3n Internacional de Tour Operadores de Golf lo ha escogido como el mejor resort de golf de Europa en 2015.<\/p>\n<p>La capacidad de alojamiento -m\u00e1s de 135.000 habitaciones de hotel disponibles a menos de una hora del campo de golf (183.000 incluyendo apartamentos y campings)- y las playas y centros tur\u00edsticos de la Costa Brava que se encuentran a apenas 25 minutos en coche del PGA Catalunya Resort son tambi\u00e9n puntos a favor.<\/p>\n<p>La Candidatura Costa Brava \u2013 Barcelona 2022 cuenta con el apoyo expl\u00edcito del mundo del golf espa\u00f1ol, encabezado por sus mejores profesionales, con Jos\u00e9 Mar\u00eda Olaz\u00e1bal, Sergio Garc\u00eda y Miguel \u00c1ngel Jim\u00e9nez a la cabeza.<\/p>\n<p>El torneo, de tres d\u00edas de duraci\u00f3n, es equiparable a competiciones deportivas de m\u00e1ximo nivel como los JJ.OO o la Super Bowl americana. Catalu\u00f1a cuenta con una amplia y reconocida trayectoria en la organizaci\u00f3n de eventos de categor\u00eda mundial. Catalu\u00f1a ha acogido el Gran Premio de Espa\u00f1a de F\u00f3rmula 1, el Open de Espa\u00f1a de Golf, el Gran Premio de Catalunya de MotoGP, el Campeonato del Mundo de Baloncesto y el Campeonato Mundial de la FINA.<\/p>\n","protected":false},"excerpt":{"rendered":"<p>La Federaci\u00f3n Espa\u00f1ola de Golf ha entregado el documento de candidatura al Comit\u00e9 Ryder Europe para celebrar en el PGA Catalunya Resort (Girona) el enfrentamiento golf\u00edstico m\u00e1s importante del mundo entre los equipos de Europa y Estados Unidos. Tiene un impacto econ\u00f3mico estimado de 140 millones y una media de 60 mil visitantes diarios, el &hellip;<\/p>\n","protected":false},"author":1,"featured_media":0,"comment_status":"closed","ping_status":"open","sticky":false,"template":"","format":"standard","meta":[],"categories":[62],"tags":[],"_links":{"self":[{"href":"https:\/\/www.comunicatur.info\/es\/wp-json\/wp\/v2\/posts\/7146"}],"collection":[{"href":"https:\/\/www.comunicatur.info\/es\/wp-json\/wp\/v2\/posts"}],"about":[{"href":"https:\/\/www.comunicatur.info\/es\/wp-json\/wp\/v2\/types\/post"}],"author":[{"embeddable":true,"href":"https:\/\/www.comunicatur.info\/es\/wp-json\/wp\/v2\/users\/1"}],"replies":[{"embeddable":true,"href":"https:\/\/www.comunicatur.info\/es\/wp-json\/wp\/v2\/comments?post=7146"}],"version-history":[{"count":1,"href":"https:\/\/www.comunicatur.info\/es\/wp-json\/wp\/v2\/posts\/7146\/revisions"}],"predecessor-version":[{"id":7147,"href":"https:\/\/www.comunicatur.info\/es\/wp-json\/wp\/v2\/posts\/7146\/revisions\/7147"}],"wp:attachment":[{"href":"https:\/\/www.comunicatur.info\/es\/wp-json\/wp\/v2\/media?parent=7146"}],"wp:term":[{"taxonomy":"category","embeddable":true,"href":"https:\/\/www.comunicatur.info\/es\/wp-json\/wp\/v2\/categories?post=7146"},{"taxonomy":"post_tag","embeddable":true,"href":"https:\/\/www.comunicatur.info\/es\/wp-json\/wp\/v2\/tags?post=7146"}],"curies":[{"name":"wp","href":"https:\/\/api.w.org\/{rel}","templated":true}]}}