{"id":7130,"date":"2015-05-04T00:00:11","date_gmt":"2015-05-03T22:00:11","guid":{"rendered":"https:\/\/comunicatur.info\/?p=7130"},"modified":"2015-05-05T15:39:19","modified_gmt":"2015-05-05T13:39:19","slug":"recupera-las-ponencias-del-forum-turistic-2015","status":"publish","type":"post","link":"https:\/\/www.comunicatur.info\/es\/recupera-las-ponencias-del-forum-turistic-2015\/","title":{"rendered":"Recupera las ponencias del Forum TurisTIC 2015"},"content":{"rendered":"<p>M\u00e1s de 1.300 inscritos y 37 ponentes conformaron la 3ra edici\u00f3n del F\u00f3rum TurisTIC del 2015. Si no pudiste asistir a las jornadas desde Comunicatur, mediapartner del congreso, te ofrecemos el enlace a los v\u00eddeos de todas las sesiones y a la descarga de las presentaciones del F\u00f3rum.<!--more--><a href=\"http:\/\/streaming.forumturistic.cat\/2015\/\" target=\"_blank\" rel=\"noopener\"><img class=\"aligncenter size-full wp-image-7126\" alt=\"videoTuristic2015\" src=\"https:\/\/www.comunicatur.info\/wp-content\/uploads\/2015\/05\/videoTuristic2015.jpg\" width=\"300\" height=\"172\" \/><\/a><\/p>\n<p>Consulta tambi\u00e9n las presentaciones de los ponentes: Haz clic sobre el nombre de la sesi\u00f3n para descargar las presentaciones.<\/p>\n<p><strong>Sesiones del mi\u00e9rcoles, 15 de abril:<\/strong><\/p>\n<p><strong>&#8211;\u00a0<a href=\"http:\/\/www.forumturistic.com\/los-pilares-de-la-innovacion\" target=\"_blank\" rel=\"noopener\">LOS PILARES DE LA INNOVACI\u00d3N DEL TURISMO DE FUTURO<\/a><a href=\"http:\/\/www.forumturistic.com\/turismo-colaborativo\" target=\"_blank\" rel=\"noopener\"><br \/>\n&#8211; CLAVES DEL \u00c9XITO DEL TURISMO COLABORATIVO 2.0<\/a><\/strong><br \/>\n<strong>&#8211;\u00a0<a href=\"http:\/\/www.forumturistic.com\/smart-destination-smart-tourism\" target=\"_blank\" rel=\"noopener\">SMART DESTINATIONS &amp; SMART TOURISM<\/a><\/strong><br \/>\n<strong>&#8211;\u00a0<a href=\"http:\/\/www.forumturistic.com\/tendencias-para-la-desconcentracion-de-destinos-turisticos\" target=\"_blank\" rel=\"noopener\">TENDENCIAS PARA LA DESCONCENTRACI\u00d3N\u00a0DE DESTINOS TUR\u00cdSTICOS<\/a><\/strong><\/p>\n<p><strong>Sesiones del jueves, 16 de abril:<\/strong><\/p>\n<p><strong>&#8211;\u00a0<\/strong><strong><a href=\"http:\/\/www.forumturistic.com\/big-data-big-opportunities\" target=\"_blank\" rel=\"noopener\">BIG DATA, BIG OPPORTUNITIES<\/a><\/strong><br \/>\n<strong>&#8211;\u00a0<\/strong><strong><a href=\"http:\/\/www.forumturistic.com\/future-trends-and-predictions\" target=\"_blank\" rel=\"noopener\">R&amp;D: FUTURE TRENDS AND PREDICTIONS<\/a><\/strong><br \/>\n<strong>&#8211;\u00a0<\/strong><strong><a href=\"http:\/\/www.forumturistic.com\/creacion-de-nuevos-mercados\" target=\"_blank\" rel=\"noopener\">CREACI\u00d3N DE NUEVOS MERCADOS<\/a><\/strong><\/p>\n","protected":false},"excerpt":{"rendered":"<p>M\u00e1s de 1.300 inscritos y 37 ponentes conformaron la 3ra edici\u00f3n del F\u00f3rum TurisTIC del 2015. Si no pudiste asistir a las jornadas desde Comunicatur, mediapartner del congreso, te ofrecemos el enlace a los v\u00eddeos de todas las sesiones y a la descarga de las presentaciones del F\u00f3rum. Consulta tambi\u00e9n las presentaciones de los ponentes: &hellip;<\/p>\n","protected":false},"author":1,"featured_media":0,"comment_status":"closed","ping_status":"open","sticky":false,"template":"","format":"standard","meta":[],"categories":[63,73],"tags":[],"_links":{"self":[{"href":"https:\/\/www.comunicatur.info\/es\/wp-json\/wp\/v2\/posts\/7130"}],"collection":[{"href":"https:\/\/www.comunicatur.info\/es\/wp-json\/wp\/v2\/posts"}],"about":[{"href":"https:\/\/www.comunicatur.info\/es\/wp-json\/wp\/v2\/types\/post"}],"author":[{"embeddable":true,"href":"https:\/\/www.comunicatur.info\/es\/wp-json\/wp\/v2\/users\/1"}],"replies":[{"embeddable":true,"href":"https:\/\/www.comunicatur.info\/es\/wp-json\/wp\/v2\/comments?post=7130"}],"version-history":[{"count":3,"href":"https:\/\/www.comunicatur.info\/es\/wp-json\/wp\/v2\/posts\/7130\/revisions"}],"predecessor-version":[{"id":7134,"href":"https:\/\/www.comunicatur.info\/es\/wp-json\/wp\/v2\/posts\/7130\/revisions\/7134"}],"wp:attachment":[{"href":"https:\/\/www.comunicatur.info\/es\/wp-json\/wp\/v2\/media?parent=7130"}],"wp:term":[{"taxonomy":"category","embeddable":true,"href":"https:\/\/www.comunicatur.info\/es\/wp-json\/wp\/v2\/categories?post=7130"},{"taxonomy":"post_tag","embeddable":true,"href":"https:\/\/www.comunicatur.info\/es\/wp-json\/wp\/v2\/tags?post=7130"}],"curies":[{"name":"wp","href":"https:\/\/api.w.org\/{rel}","templated":true}]}}