{"id":7112,"date":"2015-04-29T00:00:16","date_gmt":"2015-04-28T22:00:16","guid":{"rendered":"https:\/\/comunicatur.info\/?p=7112"},"modified":"2015-05-03T22:43:36","modified_gmt":"2015-05-03T20:43:36","slug":"abierto-el-plazo-para-presentarse-los-galardones-del-turismo-de-cataluna-2015","status":"publish","type":"post","link":"https:\/\/www.comunicatur.info\/es\/abierto-el-plazo-para-presentarse-los-galardones-del-turismo-de-cataluna-2015\/","title":{"rendered":"Abierto el plazo para presentarse a los Galardones del Turismo de Catalu\u00f1a 2015"},"content":{"rendered":"<p>La Generalitat de Catalunya ha abierto hasta el 31 de mayo el plazo de inscripciones a los premios de turismo 2015, que tienen como objetivo reconocer el esfuerzo y la dedicaci\u00f3n en favor del turismo y ser un instrumento para estimular comportamientos profesionales y actuaciones que contribuyan a mejorar la imagen tur\u00edstica de Catalu\u00f1a y de sus servicios tur\u00edsticos.<\/p>\n<p>En la convocatoria de este a\u00f1o se otorgar\u00e1 una Medalla del Turismo o un Diploma Tur\u00edstico en cada una de las cuatro categor\u00edas siguientes:<\/p>\n<p>. Turismo responsable<br \/>\n. Mejor experiencia tur\u00edstica<br \/>\n. Mejor proyecto de conocimiento e investigaci\u00f3n aplicada al sector tur\u00edstico<br \/>\n. Innovaci\u00f3n<\/p>\n<p>La Medalla del Turismo de Catalu\u00f1a es el \u00abreconocimiento a las personas que con su esfuerzo y dedicaci\u00f3n han contribuido de manera especial a la promoci\u00f3n del turismo prestando servicios destacados en el sector, en cualquiera de sus aspectos o modalidades, o bien contribuyendo con su ejemplo profesional y cooperaci\u00f3n a los intereses tur\u00edsticos de Catalu\u00f1a y al posicionamiento internacional como destino tur\u00edstic\u00bb. En el caso del Diploma Tur\u00edstico, es el \u00abreconocimiento a la instituci\u00f3n, corporaci\u00f3n, entidad o establecimiento que haya destacado por su actividad en favor del fomento del turismo en Catalu\u00f1a y a la internacionalizaci\u00f3n de nuestro destino\u00bb.<\/p>\n<p>El jurado de los Galardones del Turismo de Catalu\u00f1a, formado por los componentes del Consejo de la Mesa de Turismo, otorg\u00f3 los premios en la edici\u00f3n <!--?xml:namespace prefix = \"st1\" ns = \"urn:schemas-microsoft-com:office:smarttags\" \/-->2014 a Monnatura, Cava &amp; Hotel Mastinell, Maria Abellanet (CETT) y la Associaci\u00f3 de C\u00e0mpings de Lleida.<\/p>\n<p><a href=\"http:\/\/empresaiocupacio.gencat.cat\/es\/integraciodepartamentaltramit\/tramits\/PerTemes\/Guardons-del-Turisme-de-Catalunya-00004\" target=\"_blank\" rel=\"noopener\">M\u00e1s informaci\u00f3n<\/a><\/p>\n","protected":false},"excerpt":{"rendered":"<p>La Generalitat de Catalunya ha abierto hasta el 31 de mayo el plazo de inscripciones a los premios de turismo 2015, que tienen como objetivo reconocer el esfuerzo y la dedicaci\u00f3n en favor del turismo y ser un instrumento para estimular comportamientos profesionales y actuaciones que contribuyan a mejorar la imagen tur\u00edstica de Catalu\u00f1a y &hellip;<\/p>\n","protected":false},"author":1,"featured_media":0,"comment_status":"closed","ping_status":"open","sticky":false,"template":"","format":"standard","meta":[],"categories":[61],"tags":[],"_links":{"self":[{"href":"https:\/\/www.comunicatur.info\/es\/wp-json\/wp\/v2\/posts\/7112"}],"collection":[{"href":"https:\/\/www.comunicatur.info\/es\/wp-json\/wp\/v2\/posts"}],"about":[{"href":"https:\/\/www.comunicatur.info\/es\/wp-json\/wp\/v2\/types\/post"}],"author":[{"embeddable":true,"href":"https:\/\/www.comunicatur.info\/es\/wp-json\/wp\/v2\/users\/1"}],"replies":[{"embeddable":true,"href":"https:\/\/www.comunicatur.info\/es\/wp-json\/wp\/v2\/comments?post=7112"}],"version-history":[{"count":2,"href":"https:\/\/www.comunicatur.info\/es\/wp-json\/wp\/v2\/posts\/7112\/revisions"}],"predecessor-version":[{"id":7117,"href":"https:\/\/www.comunicatur.info\/es\/wp-json\/wp\/v2\/posts\/7112\/revisions\/7117"}],"wp:attachment":[{"href":"https:\/\/www.comunicatur.info\/es\/wp-json\/wp\/v2\/media?parent=7112"}],"wp:term":[{"taxonomy":"category","embeddable":true,"href":"https:\/\/www.comunicatur.info\/es\/wp-json\/wp\/v2\/categories?post=7112"},{"taxonomy":"post_tag","embeddable":true,"href":"https:\/\/www.comunicatur.info\/es\/wp-json\/wp\/v2\/tags?post=7112"}],"curies":[{"name":"wp","href":"https:\/\/api.w.org\/{rel}","templated":true}]}}