{"id":7091,"date":"2015-04-28T00:02:26","date_gmt":"2015-04-27T22:02:26","guid":{"rendered":"https:\/\/comunicatur.info\/?p=7091"},"modified":"2015-04-21T22:26:15","modified_gmt":"2015-04-21T20:26:15","slug":"que-piensa-ada-colau-del-sector-turistico","status":"publish","type":"post","link":"https:\/\/www.comunicatur.info\/es\/que-piensa-ada-colau-del-sector-turistico\/","title":{"rendered":"\u00bfQu\u00e9 piensa Ada Colau del sector tur\u00edstico?"},"content":{"rendered":"<p>La candidata del partido \u2018Barcelona en com\u00fan\u2019 al Ayuntamiento de Barcelona, Ada Colau, que seg\u00fan las encuestas disputar\u00e1 la alcald\u00eda a Xavier Trias, est\u00e1 situando su posici\u00f3n sobre el turismo. Quiere cambiar el modelo tur\u00edstico de Barcelona y afirma que \u201cestamos en peligro de tener una burbuja tur\u00edstica\u201d.<\/p>\n<p><!--more-->En diferentes entrevistas Ada Colau explica qu\u00e9 acciones emprender\u00eda en caso de llegar a la alcald\u00eda. Es partidaria de limitar el n\u00famero de visitantes y que se desplacen en transporte p\u00fablico y no en autocar o en tours privados restringiendo el acceso de estos veh\u00edculos a la ciudad. Tambi\u00e9n quiere implantar una moratoria de pisos tur\u00edsticos y de cualquier tipo de alojamiento hasta que se defina un plan estrat\u00e9gico para el turismo.<\/p>\n<p>Considera que se ha favorecido los intereses del sector hotelero antes que los intereses de la ciudadan\u00eda. Apuesta por \u201cponer reglas del juego que haga que se redistribuya mejor los beneficios que est\u00e1n en pocas manos y que se redistribuya con mejores puestos de trabajo y no precarios y temporales\u201d.<\/p>\n<p>Tambi\u00e9n se ha manifestado cr\u00edtica con el Mobile World Congress (MWC) a pesar de que reconoce que las ferias y congresos pueden ser buenas para la ciudad. Sobre el MWC opina que es fruto de la pol\u00edtica de grandes acontecimientos que \u201cpuede traer mucho dinero, muy pocos d\u00edas, para unos sectores muy determinados, pero no es un modelo sostenible para la ciudad\u201d. C\u00f3mo insostenible ve los cruceros: \u201ceste modelo de turismo est\u00e1 generando una contaminaci\u00f3n que estamos pagando todos\u201d, dice en referencia a las emisiones que generan los barcos en el puerto.<\/p>\n<p>Por otro lado, cree que las \u00faltimas inversiones en Barcelona han sido para embellecer calles como la Diagonal o el Paseo de Gracia pensando en el turismo de lujo y no se ha invertido en otras zonas de la ciudad.<\/p>\n<p>Como conclusiones de su posicionamiento destacar\u00edan dos ideas: primera, el turismo no se malo pero tiene que beneficiar a toda la sociedad y no generar conflictos, y segunda, la ciudad no puede apostar s\u00f3lo por el turismo y tiene que diversificar su apuesta en otros sectores.<\/p>\n","protected":false},"excerpt":{"rendered":"<p>La candidata del partido \u2018Barcelona en com\u00fan\u2019 al Ayuntamiento de Barcelona, Ada Colau, que seg\u00fan las encuestas disputar\u00e1 la alcald\u00eda a Xavier Trias, est\u00e1 situando su posici\u00f3n sobre el turismo. Quiere cambiar el modelo tur\u00edstico de Barcelona y afirma que \u201cestamos en peligro de tener una burbuja tur\u00edstica\u201d. En diferentes entrevistas Ada Colau explica qu\u00e9 &hellip;<\/p>\n","protected":false},"author":1,"featured_media":0,"comment_status":"closed","ping_status":"open","sticky":false,"template":"","format":"standard","meta":[],"categories":[62,73],"tags":[],"_links":{"self":[{"href":"https:\/\/www.comunicatur.info\/es\/wp-json\/wp\/v2\/posts\/7091"}],"collection":[{"href":"https:\/\/www.comunicatur.info\/es\/wp-json\/wp\/v2\/posts"}],"about":[{"href":"https:\/\/www.comunicatur.info\/es\/wp-json\/wp\/v2\/types\/post"}],"author":[{"embeddable":true,"href":"https:\/\/www.comunicatur.info\/es\/wp-json\/wp\/v2\/users\/1"}],"replies":[{"embeddable":true,"href":"https:\/\/www.comunicatur.info\/es\/wp-json\/wp\/v2\/comments?post=7091"}],"version-history":[{"count":1,"href":"https:\/\/www.comunicatur.info\/es\/wp-json\/wp\/v2\/posts\/7091\/revisions"}],"predecessor-version":[{"id":7092,"href":"https:\/\/www.comunicatur.info\/es\/wp-json\/wp\/v2\/posts\/7091\/revisions\/7092"}],"wp:attachment":[{"href":"https:\/\/www.comunicatur.info\/es\/wp-json\/wp\/v2\/media?parent=7091"}],"wp:term":[{"taxonomy":"category","embeddable":true,"href":"https:\/\/www.comunicatur.info\/es\/wp-json\/wp\/v2\/categories?post=7091"},{"taxonomy":"post_tag","embeddable":true,"href":"https:\/\/www.comunicatur.info\/es\/wp-json\/wp\/v2\/tags?post=7091"}],"curies":[{"name":"wp","href":"https:\/\/api.w.org\/{rel}","templated":true}]}}