{"id":7028,"date":"2015-04-08T00:00:12","date_gmt":"2015-04-07T23:00:12","guid":{"rendered":"https:\/\/comunicatur.info\/?p=7028"},"modified":"2015-04-07T17:01:33","modified_gmt":"2015-04-07T16:01:33","slug":"b-travel-se-posiciona-como-el-salon-de-las-experiencias-viajeras","status":"publish","type":"post","link":"https:\/\/www.comunicatur.info\/es\/b-travel-se-posiciona-como-el-salon-de-las-experiencias-viajeras\/","title":{"rendered":"B-Travel se posiciona como el sal\u00f3n de las experiencias viajeras"},"content":{"rendered":"<p>B-Travel es el renovado Sal\u00f3n Internacional del Turismo en Catalu\u00f1a de Fira de Barcelona que tras 23 a\u00f1os inicia una nueva etapa m\u00e1s orientada a las experiencias viajeras. Del 17 al 19 de abril presentar\u00e1 en el recinto de Montju\u00efc las propuestas especializadas en turismo familiar, eno-gastron\u00f3mico, cultural, n\u00e1utico, rural, de aventura, de compras, cruceros, wellness o dirigido al colectivo gay, entre otras opciones tur\u00edsticas, que ofrecer\u00e1n los destinos de proximidad y m\u00e1s de 50 pa\u00edses y regiones de todo el mundo.<\/p>\n<p><!--more-->El nuevo B-Travel quiere ir m\u00e1s all\u00e1 del viaje. El objetivo es promocionar su oferta desde las experiencias vinculadas con cinco grandes tendencias del sector, que el sal\u00f3n ha denominado como B-Happy,\u00a0 que son los viajes en familia y con amigos, las escapadas rom\u00e1nticas, de wellness, etc; B-Culture, propuestas relacionadas con el arte, la historia y la cultura como el turismo cinematogr\u00e1fico, teatral, musical o fotogr\u00e1fico; B-Special, oferta de turismo de nuevo lujo, de compras, solidario o de redescubrimiento de lo local; B-Adventure, para los amantes del deporte, la naturaleza y la aventura como el turismo rural, n\u00e1utico, de monta\u00f1a, cicloturismo, etc; y B-Delicious, que engloba las rutas eno-gastron\u00f3micas.<\/p>\n<p>Para la directora de B-Travel, Marta Serra, \u00abse ha evolucionado hacia un modelo de sal\u00f3n enfocado a las experiencias para adaptarse a las \u00faltimas tendencias del sector y a las demandas de un viajero cuya motivaci\u00f3n principal es sentir emociones \u00fanicas. Un cambio estrat\u00e9gico que \u2013destaca- se ir\u00e1 implantando en las pr\u00f3ximas ediciones a medida que los destinos y empresas posicionen su oferta en las diferentes tendencias\u00bb.<\/p>\n<p>Algunos, no obstante, ya han dado el paso y este a\u00f1o, por ejemplo, se presentan como B-Happy las Islas Canarias o Cuba por sus buenas temperaturas y playas; como B-Special el shopping de Madrid, la cultura local de Irlanda o los tesoros escondidos de Per\u00fa; son B-Culture, Israel, Arag\u00f3n o la ciudad de Barcelona y como B-Adventure la Patagonia argentina, Croacia o la regi\u00f3n francesa de Midi-Pyr\u00e9n\u00e9es. Se encuadran como B-Delicious Galicia, Andaluc\u00eda, las Baleares o Catalunya.<\/p>\n<p><strong>Vacaciones a medida<\/strong><br \/>\nEn esta convocatoria, B-Travel re\u00fane la oferta de experiencias que ofrecen cerca de 200 expositores, que representan alrededor de 1.000 empresas entre destinos nacionales e internacionales, agencias de viajes, hoteles, compa\u00f1\u00edas de transporte, navieras y productos y servicios tur\u00edsticos.<\/p>\n<p>En concreto, estar\u00e1n representadas este a\u00f1o la mayor\u00eda de comunidades aut\u00f3nomas como, adem\u00e1s de las ya mencionadas, el Pa\u00eds Vasco, la Comunitat Valenciana o Navarra, y m\u00e1s de 50 pa\u00edses y regiones de todo el mundo, destacando la presencia europea (Italia, Portugal, Francia, Croacia o Alemania) y asi\u00e1tica (China, India o Singapur). Tambi\u00e9n participar\u00e1n algunos pa\u00edses del norte de \u00c1frica como Marruecos o T\u00fanez. Asimismo, como novedad, habr\u00e1 propuestas de turismo n\u00e1utico con empresas de ch\u00e1rter, centros de buceo y escuelas n\u00e1uticas, y oferta dirigida al colectivo de lesbianas, gays, bisexuales y transexuales (LGBT).<\/p>\n<p>B-Travel contar\u00e1, adem\u00e1s, con la zona gastron\u00f3mica B-Delicious donde los visitantes podr\u00e1n descubrir, con degustaciones desde 1 euro, los atractivos culinarios de diferentes zonas de Catalunya y de otros pa\u00edses como Italia, Grecia o Ir\u00e1n, as\u00ed como de una selecci\u00f3n de restaurantes catalanes con estrella Michelin.<\/p>\n<p><strong>B-Travel Experience Area<\/strong><br \/>\nUno de los principales puntos de inter\u00e9s ser\u00e1 la B-Travel Experience Area, un espacio para conocer tendencias y nuevos productos tur\u00edsticos, as\u00ed como para compartir experiencias con emprendedores, viajeros, l\u00edderes del sector y expertos de diferentes \u00e1mbitos relacionados con el turismo.<\/p>\n<p>Participar\u00e1n ponentes de la talla del presidente de la cadena hotelera Room Mate, Kike Sarasola; chefs con estrellas Michelin como Paco P\u00e9rez y Fina Puigdevall; la arquitecta Benedetta Tagliabue; el manager de Amaluna del Cirque du Soleil, Franck Hanselman, el director general de operaciones de Port Aventura, Fernando Aldecoa; as\u00ed como bloggers de referencia como el periodista de El Pa\u00eds Paco Nadal, el Cocinero Fiel y Valent\u00ed Sanjuan.<\/p>\n<p><strong>Jornadas para profesionales y viajeros<\/strong><br \/>\nEl sal\u00f3n acoge, asimismo, diferentes jornadas para reflexionar sobre las tendencias de la industria tur\u00edstica. Entre otros eventos, se celebrar\u00e1n en el recinto de Gran Via el Student Tourism Congress, un encuentro dirigido a estudiantes de turismo que contar\u00e1 con ponentes como el chef Ferran Adri\u00e0 o \u00c1lex Cruz, CEO de Vueling (tendr\u00e1 lugar en el recinto de Gran Via); y el congreso de turismo de salud Healthcare &amp; Tourism Summit.<\/p>\n<p>Dentro del sal\u00f3n, en el recinto de Montju\u00efc, se organizar\u00e1n dos acciones empresariales impulsadas por Barcelona Activa: el Job Market Place, que reunir\u00e1 a candidatos y empresas con personal vacante, y la sesi\u00f3n de networking Synergys. Tambi\u00e9n tendr\u00e1 lugar el Travel Blogger Meeting, encuentro enfocado este a\u00f1o en la fotograf\u00eda de viajes en la blogosfera que atraer\u00e1 a m\u00e1s de 100 bloggers.<\/p>\n<p>Adem\u00e1s de convertirse en un sal\u00f3n anual especializado en turismo de experiencias, B-Travel quiere posicionarse como una nueva plataforma digital, la B-Travel Community, para que los aficionados a viajar puedan conocer las novedades del sector durante todo el a\u00f1o. Una de las acciones para crear comunidad ha sido la puesta en marcha de una app en Facebook para recopilar fotograf\u00edas de experiencias viajeras. En total, se han recogido m\u00e1s de 200 instant\u00e1neas que formar\u00e1n parte de la imagen del cartel del sal\u00f3n de este a\u00f1o<em>.\/Noticia emitida por B-Travel<\/em><\/p>\n","protected":false},"excerpt":{"rendered":"<p>B-Travel es el renovado Sal\u00f3n Internacional del Turismo en Catalu\u00f1a de Fira de Barcelona que tras 23 a\u00f1os inicia una nueva etapa m\u00e1s orientada a las experiencias viajeras. Del 17 al 19 de abril presentar\u00e1 en el recinto de Montju\u00efc las propuestas especializadas en turismo familiar, eno-gastron\u00f3mico, cultural, n\u00e1utico, rural, de aventura, de compras, cruceros, &hellip;<\/p>\n","protected":false},"author":1,"featured_media":0,"comment_status":"closed","ping_status":"open","sticky":false,"template":"","format":"standard","meta":[],"categories":[63],"tags":[],"_links":{"self":[{"href":"https:\/\/www.comunicatur.info\/es\/wp-json\/wp\/v2\/posts\/7028"}],"collection":[{"href":"https:\/\/www.comunicatur.info\/es\/wp-json\/wp\/v2\/posts"}],"about":[{"href":"https:\/\/www.comunicatur.info\/es\/wp-json\/wp\/v2\/types\/post"}],"author":[{"embeddable":true,"href":"https:\/\/www.comunicatur.info\/es\/wp-json\/wp\/v2\/users\/1"}],"replies":[{"embeddable":true,"href":"https:\/\/www.comunicatur.info\/es\/wp-json\/wp\/v2\/comments?post=7028"}],"version-history":[{"count":1,"href":"https:\/\/www.comunicatur.info\/es\/wp-json\/wp\/v2\/posts\/7028\/revisions"}],"predecessor-version":[{"id":7029,"href":"https:\/\/www.comunicatur.info\/es\/wp-json\/wp\/v2\/posts\/7028\/revisions\/7029"}],"wp:attachment":[{"href":"https:\/\/www.comunicatur.info\/es\/wp-json\/wp\/v2\/media?parent=7028"}],"wp:term":[{"taxonomy":"category","embeddable":true,"href":"https:\/\/www.comunicatur.info\/es\/wp-json\/wp\/v2\/categories?post=7028"},{"taxonomy":"post_tag","embeddable":true,"href":"https:\/\/www.comunicatur.info\/es\/wp-json\/wp\/v2\/tags?post=7028"}],"curies":[{"name":"wp","href":"https:\/\/api.w.org\/{rel}","templated":true}]}}