{"id":6844,"date":"2015-02-26T00:00:48","date_gmt":"2015-02-25T23:00:48","guid":{"rendered":"https:\/\/comunicatur.info\/?p=6844"},"modified":"2015-02-24T15:54:57","modified_gmt":"2015-02-24T14:54:57","slug":"el-alquiler-de-habitaciones-particulares-estara-regulado-en-cataluna","status":"publish","type":"post","link":"https:\/\/www.comunicatur.info\/es\/el-alquiler-de-habitaciones-particulares-estara-regulado-en-cataluna\/","title":{"rendered":"El alquiler de habitaciones particulares estar\u00e1 regulado en Catalu\u00f1a"},"content":{"rendered":"<p>El m\u00e1ximo responsable\u00a0 de turismo de la Generalitat de Catalu\u00f1a ha anunciado que el alquiler tur\u00edstico de habitaciones en viviendas particulares estar\u00e1 regulado y legalizado. La administraci\u00f3n ha iniciado un proceso de reformulaci\u00f3n de la normativa de alojamiento e incorporar\u00e1 esta modalidad que hasta ahora es ilegal y ha comportado sanciones como la de Airbnb.<\/p>\n<p><!--more-->El consejero de Empresa y Empleo, Felip Puig, ha avanzado en una entrevista en el programa El Suplement de Catalunya R\u00e0dio la intenci\u00f3n de regular nuevos tipos de alojamiento tur\u00edstico. Debido a las nuevas demandas y f\u00f3rmulas de comercializaci\u00f3n la administraci\u00f3n quiere adaptarse a la situaci\u00f3n. Puig ha recordado que el Bed &amp; Breakfast existe en Europa desde hace mucho tiempo pero en Catalu\u00f1a no ha tenido cabida legal. Considera que se tendr\u00e1 que regular porque es una oferta que ya existe.<\/p>\n<p>Su intenci\u00f3n es hablar con el sector del alojamiento para encontrar la ensambladura de esta modalidad a la cual no se puede poner en contra porque \u201ces una realidad\u201d. Ahora hay que darle un marco normativo para que ya no sea contrataci\u00f3n ilegal, que aflore esta econom\u00eda sumergida del alquiler de habitaciones y para que los clientes tengan unas garant\u00edas m\u00ednimas de seguridad y calidad. Puig, que se ha declarado a favor de la econom\u00eda colaborativa pero siempre con unas normas, contin\u00faa pensando que se tiene que exigir a todas las empresas de esta nueva econom\u00eda que ofrezcan oferta regularizada y no ilegal. De este modo defiende la sanci\u00f3n de 30.000 euros impuesta a Airbnb por comercializar una propuesta de alojamiento ilegal pero que en poco tiempo podr\u00e1 ser legal.<\/p>\n<p>El consejero tambi\u00e9n ha querido destacar la potencia del destino tur\u00edstico catalana. \u201cCaptamos m\u00e1s de 21 millones de turistas entre extranjeros y del resto de Espa\u00f1a, multiplicamos por tres nuestra poblaci\u00f3n y esto no pasa en ning\u00fan pa\u00eds de una cierta dimensi\u00f3n\u201d, ha afirmado.<\/p>\n","protected":false},"excerpt":{"rendered":"<p>El m\u00e1ximo responsable\u00a0 de turismo de la Generalitat de Catalu\u00f1a ha anunciado que el alquiler tur\u00edstico de habitaciones en viviendas particulares estar\u00e1 regulado y legalizado. La administraci\u00f3n ha iniciado un proceso de reformulaci\u00f3n de la normativa de alojamiento e incorporar\u00e1 esta modalidad que hasta ahora es ilegal y ha comportado sanciones como la de Airbnb. &hellip;<\/p>\n","protected":false},"author":1,"featured_media":0,"comment_status":"closed","ping_status":"open","sticky":false,"template":"","format":"standard","meta":[],"categories":[62,61],"tags":[],"_links":{"self":[{"href":"https:\/\/www.comunicatur.info\/es\/wp-json\/wp\/v2\/posts\/6844"}],"collection":[{"href":"https:\/\/www.comunicatur.info\/es\/wp-json\/wp\/v2\/posts"}],"about":[{"href":"https:\/\/www.comunicatur.info\/es\/wp-json\/wp\/v2\/types\/post"}],"author":[{"embeddable":true,"href":"https:\/\/www.comunicatur.info\/es\/wp-json\/wp\/v2\/users\/1"}],"replies":[{"embeddable":true,"href":"https:\/\/www.comunicatur.info\/es\/wp-json\/wp\/v2\/comments?post=6844"}],"version-history":[{"count":1,"href":"https:\/\/www.comunicatur.info\/es\/wp-json\/wp\/v2\/posts\/6844\/revisions"}],"predecessor-version":[{"id":6845,"href":"https:\/\/www.comunicatur.info\/es\/wp-json\/wp\/v2\/posts\/6844\/revisions\/6845"}],"wp:attachment":[{"href":"https:\/\/www.comunicatur.info\/es\/wp-json\/wp\/v2\/media?parent=6844"}],"wp:term":[{"taxonomy":"category","embeddable":true,"href":"https:\/\/www.comunicatur.info\/es\/wp-json\/wp\/v2\/categories?post=6844"},{"taxonomy":"post_tag","embeddable":true,"href":"https:\/\/www.comunicatur.info\/es\/wp-json\/wp\/v2\/tags?post=6844"}],"curies":[{"name":"wp","href":"https:\/\/api.w.org\/{rel}","templated":true}]}}