{"id":6764,"date":"2015-02-06T00:00:28","date_gmt":"2015-02-05T23:00:28","guid":{"rendered":"https:\/\/comunicatur.info\/?p=6764"},"modified":"2015-02-05T11:27:25","modified_gmt":"2015-02-05T10:27:25","slug":"2015-ano-del-turismo-interior-y-de-montana","status":"publish","type":"post","link":"https:\/\/www.comunicatur.info\/es\/2015-ano-del-turismo-interior-y-de-montana\/","title":{"rendered":"2015: A\u00f1o del Turismo Interior y de Monta\u00f1a"},"content":{"rendered":"<p>Este 2015 es el a\u00f1o de los destinos tur\u00edsticos catalanes de interior y de monta\u00f1a y preparan una promoci\u00f3n especial para captar turistas.<\/p>\n<p><!--more-->Del mismo modo que ya se ha hecho en otras ocasiones y con otras propuestas, la Agencia Catalana de Turismo organiza un a\u00f1o tem\u00e1tico para llevar a cabo una campa\u00f1a intensa de promoci\u00f3n de un producto tur\u00edstico espec\u00edfico.<\/p>\n<p>\u201cLa celebraci\u00f3n de este a\u00f1o tem\u00e1tico \u2013explican desde la Agencia Catalana de Turismo- pretende contribuir a posicionar Catalu\u00f1a como destino referente en turismo de interior y de monta\u00f1a, con el objetivo de ampliar el n\u00famero de visitantes tanto de proximidad como de mercados internacionales, transformando en experiencias tur\u00edsticas la gran riqueza en recursos naturales y culturales existentes en este territorio\u201d.<\/p>\n<p>El pistoletazo de salida de esta iniciativa ser\u00e1 en marzo con una acci\u00f3n de promoci\u00f3n y comercializaci\u00f3n prevista en el centro de Barcelona con la oferta de turismo activo, de interior, de monta\u00f1a y de enoturisme entre el p\u00fablico de la capital catalana (locales, visitantes y turistas).<\/p>\n<p>A partir de aqu\u00ed, y a lo largo de 2015, se organizar\u00e1n otras acciones espec\u00edficas centradas en este producto y en la oferta generada a su entorno.<\/p>\n","protected":false},"excerpt":{"rendered":"<p>Este 2015 es el a\u00f1o de los destinos tur\u00edsticos catalanes de interior y de monta\u00f1a y preparan una promoci\u00f3n especial para captar turistas. Del mismo modo que ya se ha hecho en otras ocasiones y con otras propuestas, la Agencia Catalana de Turismo organiza un a\u00f1o tem\u00e1tico para llevar a cabo una campa\u00f1a intensa de &hellip;<\/p>\n","protected":false},"author":1,"featured_media":0,"comment_status":"closed","ping_status":"open","sticky":false,"template":"","format":"standard","meta":[],"categories":[62],"tags":[],"_links":{"self":[{"href":"https:\/\/www.comunicatur.info\/es\/wp-json\/wp\/v2\/posts\/6764"}],"collection":[{"href":"https:\/\/www.comunicatur.info\/es\/wp-json\/wp\/v2\/posts"}],"about":[{"href":"https:\/\/www.comunicatur.info\/es\/wp-json\/wp\/v2\/types\/post"}],"author":[{"embeddable":true,"href":"https:\/\/www.comunicatur.info\/es\/wp-json\/wp\/v2\/users\/1"}],"replies":[{"embeddable":true,"href":"https:\/\/www.comunicatur.info\/es\/wp-json\/wp\/v2\/comments?post=6764"}],"version-history":[{"count":1,"href":"https:\/\/www.comunicatur.info\/es\/wp-json\/wp\/v2\/posts\/6764\/revisions"}],"predecessor-version":[{"id":6765,"href":"https:\/\/www.comunicatur.info\/es\/wp-json\/wp\/v2\/posts\/6764\/revisions\/6765"}],"wp:attachment":[{"href":"https:\/\/www.comunicatur.info\/es\/wp-json\/wp\/v2\/media?parent=6764"}],"wp:term":[{"taxonomy":"category","embeddable":true,"href":"https:\/\/www.comunicatur.info\/es\/wp-json\/wp\/v2\/categories?post=6764"},{"taxonomy":"post_tag","embeddable":true,"href":"https:\/\/www.comunicatur.info\/es\/wp-json\/wp\/v2\/tags?post=6764"}],"curies":[{"name":"wp","href":"https:\/\/api.w.org\/{rel}","templated":true}]}}