{"id":6698,"date":"2015-01-19T00:00:01","date_gmt":"2015-01-18T23:00:01","guid":{"rendered":"https:\/\/comunicatur.info\/?p=6698"},"modified":"2015-01-20T19:14:30","modified_gmt":"2015-01-20T18:14:30","slug":"empresas-e-instituciones-publicas-suman-esfuerzos-para-promover-la-costa-dorada","status":"publish","type":"post","link":"https:\/\/www.comunicatur.info\/es\/empresas-e-instituciones-publicas-suman-esfuerzos-para-promover-la-costa-dorada\/","title":{"rendered":"Empresas e instituciones p\u00fablicas suman esfuerzos para promover la Costa Dorada"},"content":{"rendered":"<p>El sector tur\u00edstico de Costa Dorada ha acordado participar de forma conjunta y coordinada en todas las acciones de promocionales de turismo. Entidades p\u00fablicas y privadas sumar\u00e1n sus presupuestos por este a\u00f1o 2015.<\/p>\n<p><!--more-->El turismo representa el 20% del PIB de Costa Dorada y es de vital importancia para las comarcas de Tarragona. El Patronato de Turismo de la Diputaci\u00f3n de Tarragona lidera este convenio de promoci\u00f3n conjunta que han firmado\u00a0 representantes de 11 municipios, 2 entidades comarcales, y 6 asociaciones empresariales y 2 entidades privadas vinculadas al sector tur\u00edstico. Prev\u00e9n participar en ferias a nivel internacional, estatal y nacional e impulsar campa\u00f1as publicitarias y acciones de comunicaci\u00f3n y marketing conjuntas. La propuesta para este 2015 establece la asistencia a las ferias de Berl\u00edn, de Utrecht, Londres, Mosc\u00fa, Madrid, Pamplona o Barcelona, entre otras. La suma de esfuerzos tambi\u00e9n incluye campa\u00f1as publicitarias multi-canal, portales de viajes, o campa\u00f1as de comarketing con operadores tur\u00edsticos.<\/p>\n<p>El presidente del Patronato de Turismo del Diputaci\u00f3n de Tarragona, Josep Poblet, ha asegurado que el convenio supone \u00abuna aut\u00e9ntica alianza territorial en materia tur\u00edstica pionera en Catalu\u00f1a\u00bb, y que permite \u00absumar estrategias y optimizar recursos\u00bb. Poblet tambi\u00e9n ha manifestado que este acuerdo \u00abnos permite lograr nuevos retos, objetivos que individualmente nos resultar\u00eda imposible de conseguir\u00bb.<\/p>\n<p>Las entidades vinculadas al sector tur\u00edstico que se han sumado junto con las corporaciones p\u00fablicas son: PortAventura, la Asociaci\u00f3n Hotelera Salou-Cambrils-La Pineda, la Asociaci\u00f3n de Campings de Costa Dorada y las Tierras del Ebro, la Asociaci\u00f3n de Apartamentos Tur\u00edsticos de Costa Dorada, la Asociaci\u00f3n Priorat Enoturismo, la Asociaci\u00f3n Costa Dorada Destino de Golfo y Pitch and Putt, la Estaci\u00f3n N\u00e1utica Costa Dorada, y Aquopolis Costa Dorada.<\/p>\n","protected":false},"excerpt":{"rendered":"<p>El sector tur\u00edstico de Costa Dorada ha acordado participar de forma conjunta y coordinada en todas las acciones de promocionales de turismo. Entidades p\u00fablicas y privadas sumar\u00e1n sus presupuestos por este a\u00f1o 2015. El turismo representa el 20% del PIB de Costa Dorada y es de vital importancia para las comarcas de Tarragona. El Patronato &hellip;<\/p>\n","protected":false},"author":1,"featured_media":0,"comment_status":"closed","ping_status":"open","sticky":false,"template":"","format":"standard","meta":[],"categories":[62],"tags":[],"_links":{"self":[{"href":"https:\/\/www.comunicatur.info\/es\/wp-json\/wp\/v2\/posts\/6698"}],"collection":[{"href":"https:\/\/www.comunicatur.info\/es\/wp-json\/wp\/v2\/posts"}],"about":[{"href":"https:\/\/www.comunicatur.info\/es\/wp-json\/wp\/v2\/types\/post"}],"author":[{"embeddable":true,"href":"https:\/\/www.comunicatur.info\/es\/wp-json\/wp\/v2\/users\/1"}],"replies":[{"embeddable":true,"href":"https:\/\/www.comunicatur.info\/es\/wp-json\/wp\/v2\/comments?post=6698"}],"version-history":[{"count":1,"href":"https:\/\/www.comunicatur.info\/es\/wp-json\/wp\/v2\/posts\/6698\/revisions"}],"predecessor-version":[{"id":6699,"href":"https:\/\/www.comunicatur.info\/es\/wp-json\/wp\/v2\/posts\/6698\/revisions\/6699"}],"wp:attachment":[{"href":"https:\/\/www.comunicatur.info\/es\/wp-json\/wp\/v2\/media?parent=6698"}],"wp:term":[{"taxonomy":"category","embeddable":true,"href":"https:\/\/www.comunicatur.info\/es\/wp-json\/wp\/v2\/categories?post=6698"},{"taxonomy":"post_tag","embeddable":true,"href":"https:\/\/www.comunicatur.info\/es\/wp-json\/wp\/v2\/tags?post=6698"}],"curies":[{"name":"wp","href":"https:\/\/api.w.org\/{rel}","templated":true}]}}