{"id":6594,"date":"2014-12-19T00:00:28","date_gmt":"2014-12-18T23:00:28","guid":{"rendered":"https:\/\/comunicatur.info\/?p=6594"},"modified":"2014-12-19T12:15:25","modified_gmt":"2014-12-19T11:15:25","slug":"la-ruta-del-cister-solo-recibe-7-millones-de-visitantes-en-25-anos","status":"publish","type":"post","link":"https:\/\/www.comunicatur.info\/es\/la-ruta-del-cister-solo-recibe-7-millones-de-visitantes-en-25-anos\/","title":{"rendered":"La Ruta del C\u00edster s\u00f3lo recibe 7 millones de visitantes en 25 a\u00f1os"},"content":{"rendered":"<p>Los monasterios de Poblet, Santas Creus y Vallbona de les Monges que forman la Ruta del C\u00edster, han cumplido un cuarto de siglo. Un producto tur\u00edstico de primer nivel que tiene que servir para desarrollar tur\u00edstica y econ\u00f3micamente las tres comarcas donde se ubican pero que todav\u00eda no da los resultados que podr\u00eda. Otros destinos europeos, en Francia, o del resto de Espa\u00f1a, que disponen de recursos similares han creado un aut\u00e9ntico reclamo tur\u00edstico alrededor de sus monasterios.<\/p>\n<p><!--more-->Los consejos comarcales del Alt Camp, la Conca de Barber\u00e0 y el Urgell crearon esta ruta en mayo de 1989. En estos 25 a\u00f1os el balance no es del todo satisfactorio, s\u00f3lo 6,7 millones de visitantes, una cifra modesta si se tienen en cuenta el potencial de este patrimonio. Ahora la administraci\u00f3n y agentes privados del territorio quieren darle un nuevo impulso a trav\u00e9s de la denominaci\u00f3n Monasterios Reales de Catalu\u00f1a, formada por las tres abad\u00edas que cuentan con los sepulcros de los reyes de la Corona de Arag\u00f3n. Los tres monasterios se encuentran entre los m\u00e1s importantes de la orden del C\u00edster en Europa por su buena conservaci\u00f3n.<\/p>\n<p>El reto es dar a conocer este rico patrimonio e introducirlo en el circuito de los productos tur\u00edsticos y culturales de alta calidad. Para hacerlo posible tienen previsto crear nuevos paquetes tur\u00edsticos. Tambi\u00e9n prev\u00e9n potenciar la entrada conjunta a los tres monasterios para dar coherencia a la Ruta.<\/p>\n<p>Seg\u00fan la Oficina de Gesti\u00f3n de la Ruta del C\u00edster, en estos 25 a\u00f1os, la afluencia de turistas ha hecho crecer los alojamientos vinculados a la ruta, ahora superan los 200 establecimientos cuando en el 89 s\u00f3lo hab\u00eda 40. Tambi\u00e9n la restauraci\u00f3n se ha visto beneficiada. De los 54 restaurantes se ha pasado a 292. Pero sobre todo el n\u00famero de museos y espacios visitables, de los 18 del 1989 a los 70 del 2014.<\/p>\n","protected":false},"excerpt":{"rendered":"<p>Los monasterios de Poblet, Santas Creus y Vallbona de les Monges que forman la Ruta del C\u00edster, han cumplido un cuarto de siglo. Un producto tur\u00edstico de primer nivel que tiene que servir para desarrollar tur\u00edstica y econ\u00f3micamente las tres comarcas donde se ubican pero que todav\u00eda no da los resultados que podr\u00eda. Otros destinos &hellip;<\/p>\n","protected":false},"author":1,"featured_media":0,"comment_status":"closed","ping_status":"open","sticky":false,"template":"","format":"standard","meta":[],"categories":[62],"tags":[],"_links":{"self":[{"href":"https:\/\/www.comunicatur.info\/es\/wp-json\/wp\/v2\/posts\/6594"}],"collection":[{"href":"https:\/\/www.comunicatur.info\/es\/wp-json\/wp\/v2\/posts"}],"about":[{"href":"https:\/\/www.comunicatur.info\/es\/wp-json\/wp\/v2\/types\/post"}],"author":[{"embeddable":true,"href":"https:\/\/www.comunicatur.info\/es\/wp-json\/wp\/v2\/users\/1"}],"replies":[{"embeddable":true,"href":"https:\/\/www.comunicatur.info\/es\/wp-json\/wp\/v2\/comments?post=6594"}],"version-history":[{"count":2,"href":"https:\/\/www.comunicatur.info\/es\/wp-json\/wp\/v2\/posts\/6594\/revisions"}],"predecessor-version":[{"id":6597,"href":"https:\/\/www.comunicatur.info\/es\/wp-json\/wp\/v2\/posts\/6594\/revisions\/6597"}],"wp:attachment":[{"href":"https:\/\/www.comunicatur.info\/es\/wp-json\/wp\/v2\/media?parent=6594"}],"wp:term":[{"taxonomy":"category","embeddable":true,"href":"https:\/\/www.comunicatur.info\/es\/wp-json\/wp\/v2\/categories?post=6594"},{"taxonomy":"post_tag","embeddable":true,"href":"https:\/\/www.comunicatur.info\/es\/wp-json\/wp\/v2\/tags?post=6594"}],"curies":[{"name":"wp","href":"https:\/\/api.w.org\/{rel}","templated":true}]}}