{"id":6514,"date":"2014-12-02T00:00:13","date_gmt":"2014-12-01T23:00:13","guid":{"rendered":"https:\/\/comunicatur.info\/?p=6514"},"modified":"2014-12-15T19:09:04","modified_gmt":"2014-12-15T18:09:04","slug":"nuevo-programa-turistico-catalunya-senior","status":"publish","type":"post","link":"https:\/\/www.comunicatur.info\/es\/nuevo-programa-turistico-catalunya-senior\/","title":{"rendered":"Nuevo programa tur\u00edstico Catalunya S\u00e8nior"},"content":{"rendered":"<p>SERHS y Avant Viatges han creado la nueva marca tur\u00edstica Catalu\u00f1a S\u00e9nior, enfocada al turismo de + 55 a\u00f1os. El proyecto cuenta con la colaboraci\u00f3n de la FATEC (Federaci\u00f3n de Asociaciones de Personas Mayores de Catalu\u00f1a) con m\u00e1s de 500 entidades adheridas.<\/p>\n<p><!--more-->Los impulsores explican que \u201cCatalu\u00f1a S\u00e9nior ofrece estancias y circuitos a precios asequibles para conocer el arte, la historia y la cultura catalana, desarrollando actividades l\u00fadicas que potencien la vitalidad y sus relaciones sociales\u201d. En Catalu\u00f1a, el 17% de los catalanes tienen + de 55 a\u00f1os. Esto forma un colectivo de 1&#8217;2 millones de personas de las cuales viaja el 40%. Es por este motivo que estamos ante una oportunidad y un reto para instituciones p\u00fablicas, privadas y destinos tur\u00edsticos, afirman.<\/p>\n<p>Los impulsores han se\u00f1alado que el proyecto ser\u00e1 como un \u201cimserso catal\u00e1n\u201d que ayudar\u00e1 a mantener el empleo en el sector hotelero en periodos de baja ocupaci\u00f3n y que recoger\u00e1 a los turistas en los propios centros sociales y asociaciones.<\/p>\n<p>De entre las diversas actividades que recoge el proyecto destaca las estancias en hoteles de Sol y Playa con una selecci\u00f3n especial de hoteles de 3* y 4* con todas las comodidades y servicios necesarios garantizados por SERHS; estancias culturales y tem\u00e1ticas; circuitos culturales; y excursiones a medida. Entre las ventajas que propone el programa se tienen en cuenta detalles y necesidades del p\u00fablico + 55 como la recogida en los propios centros, la posibilidad de elegir con qui\u00e9n se viaja, conocimiento del territorio para las excursiones, actividades l\u00fadicas y animaci\u00f3n llevadas a cabo por un equipo de profesionales, seguro en cobertura m\u00e9dica, m\u00e9dicos localizables en los hoteles 24 horas, factor precio por debajo de los principales competidores, entre otros.<\/p>\n<p>Les empresas que lo impulsan son: Avant Viajes, con experiencia en 3\u00aa edad con euipo de gu\u00edas y animadores receptivos y m\u00e1s de 16.000 clientes en sus circuitos nacionales;<b> <\/b>y Rhodasol, la mayorista de viajes de SERHS, que gestiona m\u00e1s de medio mill\u00f3n de viajeros al a\u00f1o. SERHS es una de las cuatro empresas homologadas por SEGGITUR, entidad p\u00fablica perteneciente a Turespa\u00f1a, como responsable de la comercializaci\u00f3n del programa Europe Senior Tourism para la temporada 2014-2015.<\/p>\n","protected":false},"excerpt":{"rendered":"<p>SERHS y Avant Viatges han creado la nueva marca tur\u00edstica Catalu\u00f1a S\u00e9nior, enfocada al turismo de + 55 a\u00f1os. El proyecto cuenta con la colaboraci\u00f3n de la FATEC (Federaci\u00f3n de Asociaciones de Personas Mayores de Catalu\u00f1a) con m\u00e1s de 500 entidades adheridas. Los impulsores explican que \u201cCatalu\u00f1a S\u00e9nior ofrece estancias y circuitos a precios asequibles &hellip;<\/p>\n","protected":false},"author":1,"featured_media":0,"comment_status":"closed","ping_status":"open","sticky":false,"template":"","format":"standard","meta":[],"categories":[62,61],"tags":[],"_links":{"self":[{"href":"https:\/\/www.comunicatur.info\/es\/wp-json\/wp\/v2\/posts\/6514"}],"collection":[{"href":"https:\/\/www.comunicatur.info\/es\/wp-json\/wp\/v2\/posts"}],"about":[{"href":"https:\/\/www.comunicatur.info\/es\/wp-json\/wp\/v2\/types\/post"}],"author":[{"embeddable":true,"href":"https:\/\/www.comunicatur.info\/es\/wp-json\/wp\/v2\/users\/1"}],"replies":[{"embeddable":true,"href":"https:\/\/www.comunicatur.info\/es\/wp-json\/wp\/v2\/comments?post=6514"}],"version-history":[{"count":1,"href":"https:\/\/www.comunicatur.info\/es\/wp-json\/wp\/v2\/posts\/6514\/revisions"}],"predecessor-version":[{"id":6515,"href":"https:\/\/www.comunicatur.info\/es\/wp-json\/wp\/v2\/posts\/6514\/revisions\/6515"}],"wp:attachment":[{"href":"https:\/\/www.comunicatur.info\/es\/wp-json\/wp\/v2\/media?parent=6514"}],"wp:term":[{"taxonomy":"category","embeddable":true,"href":"https:\/\/www.comunicatur.info\/es\/wp-json\/wp\/v2\/categories?post=6514"},{"taxonomy":"post_tag","embeddable":true,"href":"https:\/\/www.comunicatur.info\/es\/wp-json\/wp\/v2\/tags?post=6514"}],"curies":[{"name":"wp","href":"https:\/\/api.w.org\/{rel}","templated":true}]}}