{"id":6510,"date":"2014-12-01T00:00:00","date_gmt":"2014-11-30T23:00:00","guid":{"rendered":"https:\/\/comunicatur.info\/?p=6510"},"modified":"2014-12-15T19:09:22","modified_gmt":"2014-12-15T18:09:22","slug":"berga-esta-mas-cerca-de-tener-un-gran-parque-tematico-de-naturaleza","status":"publish","type":"post","link":"https:\/\/www.comunicatur.info\/es\/berga-esta-mas-cerca-de-tener-un-gran-parque-tematico-de-naturaleza\/","title":{"rendered":"Berga est\u00e1 m\u00e1s cerca de tener un gran parque tem\u00e1tico de naturaleza"},"content":{"rendered":"<p>El municipio de Berga ha iniciado los tr\u00e1mites urban\u00edsticos para poder instalar un parque de turismo de naturaleza en la comarca del Bergued\u00e0 que tendr\u00eda un coste de 25 millones de euros. Esta instalaci\u00f3n ya fue ideada en los 90 y el proyecto estaba parado.<\/p>\n<p><!--more-->Seg\u00fan ha informado el diario Regi\u00f37, el ayuntamiento ha iniciado la modificaci\u00f3n de la redacci\u00f3n del Plan de Ordenaci\u00f3n Urban\u00edstica para recalificar como suelo de equipamientos el terreno r\u00fastico donde se ubique el parque. Es el primer paso para desencallar una iniciativa considerada estrat\u00e9gica y que generar\u00eda riqueza basada en el turismo. El promotor inicial del Parque de la Naturaleza es el empresario Joan Barniol, propietario de Berga Resort, la principal empresa tur\u00edstica de la comarca. Los estudios realizados por el promotor calculaban un n\u00famero de visitantes anuales de entre 500.00 y 800.000.<\/p>\n<p>El consistorio est\u00e1 tanteando a los propietarios de los terrenos donde se tendr\u00eda que ubicar este gran espacio tur\u00edstico para que los vendan o los permuten y se pueda unificar bajo una misma propiedad toda la superficie. Este es uno de los grandes escollos que se tienen que superar junto a encontrar el capital inversor privado necesario. Barniol no descarta tirar adelante su idea inicial si consigue las garant\u00edas m\u00ednimas que el proyecto no se encallar\u00e1 por cuestiones administrativas.<\/p>\n<p>El primer recurso tur\u00edstico de la comarca del Bergued\u00e0 es su atractivo natural y la propuesta de futuro Parque de la Natura tratar\u00eda sobre la flora y fauna continental, la educaci\u00f3n ambiental, la artesan\u00eda y las actividades del mundo rural. La superficie del parque ser\u00eda de unas 100 hect\u00e1reas y dar\u00eda trabajo a un centenar de personas.<\/p>\n<p><strong>Berga Resort invierte 5 millones de euros<\/strong><\/p>\n<p>El complejo tur\u00edstico Berga Resort ha ampliado sus instalaciones para duplicar el espacio de bungalows y mobil-hombres. La inversi\u00f3n de este camping de monta\u00f1a ha sido de 5,3 millones de euros. Berga Resort dispone de un centro spa y wellness de 12.0000 metros cuadrados , piscinas climatizadas, salas fitness y un conjunto de instalaciones pensadas para romper la estacionalidad y abrir durante todo el a\u00f1o.<\/p>\n","protected":false},"excerpt":{"rendered":"<p>El municipio de Berga ha iniciado los tr\u00e1mites urban\u00edsticos para poder instalar un parque de turismo de naturaleza en la comarca del Bergued\u00e0 que tendr\u00eda un coste de 25 millones de euros. Esta instalaci\u00f3n ya fue ideada en los 90 y el proyecto estaba parado. Seg\u00fan ha informado el diario Regi\u00f37, el ayuntamiento ha iniciado &hellip;<\/p>\n","protected":false},"author":1,"featured_media":0,"comment_status":"closed","ping_status":"open","sticky":false,"template":"","format":"standard","meta":[],"categories":[62,61],"tags":[],"_links":{"self":[{"href":"https:\/\/www.comunicatur.info\/es\/wp-json\/wp\/v2\/posts\/6510"}],"collection":[{"href":"https:\/\/www.comunicatur.info\/es\/wp-json\/wp\/v2\/posts"}],"about":[{"href":"https:\/\/www.comunicatur.info\/es\/wp-json\/wp\/v2\/types\/post"}],"author":[{"embeddable":true,"href":"https:\/\/www.comunicatur.info\/es\/wp-json\/wp\/v2\/users\/1"}],"replies":[{"embeddable":true,"href":"https:\/\/www.comunicatur.info\/es\/wp-json\/wp\/v2\/comments?post=6510"}],"version-history":[{"count":1,"href":"https:\/\/www.comunicatur.info\/es\/wp-json\/wp\/v2\/posts\/6510\/revisions"}],"predecessor-version":[{"id":6511,"href":"https:\/\/www.comunicatur.info\/es\/wp-json\/wp\/v2\/posts\/6510\/revisions\/6511"}],"wp:attachment":[{"href":"https:\/\/www.comunicatur.info\/es\/wp-json\/wp\/v2\/media?parent=6510"}],"wp:term":[{"taxonomy":"category","embeddable":true,"href":"https:\/\/www.comunicatur.info\/es\/wp-json\/wp\/v2\/categories?post=6510"},{"taxonomy":"post_tag","embeddable":true,"href":"https:\/\/www.comunicatur.info\/es\/wp-json\/wp\/v2\/tags?post=6510"}],"curies":[{"name":"wp","href":"https:\/\/api.w.org\/{rel}","templated":true}]}}