{"id":6467,"date":"2014-11-19T00:00:56","date_gmt":"2014-11-18T23:00:56","guid":{"rendered":"https:\/\/comunicatur.info\/?p=6467"},"modified":"2014-11-18T17:19:15","modified_gmt":"2014-11-18T16:19:15","slug":"el-reto-de-las-empresas-es-integrar-tecnologia-ante-el-boom-de-aplicaciones-para-el-viaje","status":"publish","type":"post","link":"https:\/\/www.comunicatur.info\/es\/el-reto-de-las-empresas-es-integrar-tecnologia-ante-el-boom-de-aplicaciones-para-el-viaje\/","title":{"rendered":"El reto de las empresas es integrar tecnolog\u00eda ante el \u2018boom\u2019 de aplicaciones para el viaje"},"content":{"rendered":"<p><!--?xml:namespace prefix = \"o\" ns = \"urn:schemas-microsoft-com:office:office\" \/-->Amadeus Espa\u00f1a y Forum Business Travel han presentado recientemente el estudio \u201cLas 10+1 caras del viajero de negocios tecnol\u00f3gico\u201d. Se trata de un informe que recopila y analiza las opiniones de expertos internacionales y viajeros frecuentes sobre las \u00faltimas tendencias en tecnolog\u00eda para el business travel.<\/p>\n<p><a href=\"http:\/\/www.amadeus.com\/web\/amadeus\/es_ES-ES\/P%C3%A1gina-inicial-de-Amadeus\/Recursos-y-descargas\/Documentaci%C3%B3n-de-inter%C3%A9s\/Informes-sobre-el-sector\/1259071607034-Page-AMAD_DocumentsPpal\" target=\"_blank\" rel=\"noopener\"><em>Las 10+1 caras del viajero de negocios tecnol\u00f3gico<\/em> <\/a>se basa en un trabajo de an\u00e1lisis que cuenta con la participaci\u00f3n de expertos internacionales y viajeros frecuentes. Entre sus muchas conclusiones, el informe se\u00f1ala que las empresas est\u00e1n haciendo una selecci\u00f3n de las herramientas m\u00e1s eficientes para el business travel frente a la saturaci\u00f3n de aplicaciones disponibles en el mercado.<\/p>\n<p>El informe pone en relieve la popularidad creciente de las herramientas que hacen de los desplazamientos profesionales \u201cuna experiencia m\u00e1s agradable, sencilla y segura\u201d.<\/p>\n<p>Bas\u00e1ndose en las entrevistas realizadas a un representativo panel de expertos internacionales del sector, en la vivencia personal aportada por viajeros frecuentes de empresas con presencia en Espa\u00f1a y en el conocimiento desarrollado por los \u00faltimos estudios de referencia de \u00e1mbito global, el informe desvela las claves de los movimientos que est\u00e1 realizando la industria para acercar la innovaci\u00f3n al usuario final.<\/p>\n<p>Desde este enfoque, espec\u00edficamente orientado hacia la percepci\u00f3n del viajero, el estudio indaga en los segmentos y proveedores que est\u00e1n proponiendo soluciones m\u00e1s avanzadas, en el papel que van a desarrollar las empresas en la formaci\u00f3n tecnol\u00f3gica de sus empleados, en la evoluci\u00f3n de los canales de venta y en el significado de la aparici\u00f3n de modelos de distribuci\u00f3n disruptivos en el mercado, como es el caso del consumo colaborativo, entre otros muchos aspectos.<\/p>\n","protected":false},"excerpt":{"rendered":"<p>Amadeus Espa\u00f1a y Forum Business Travel han presentado recientemente el estudio \u201cLas 10+1 caras del viajero de negocios tecnol\u00f3gico\u201d. Se trata de un informe que recopila y analiza las opiniones de expertos internacionales y viajeros frecuentes sobre las \u00faltimas tendencias en tecnolog\u00eda para el business travel. Las 10+1 caras del viajero de negocios tecnol\u00f3gico se &hellip;<\/p>\n","protected":false},"author":1,"featured_media":0,"comment_status":"closed","ping_status":"open","sticky":false,"template":"","format":"standard","meta":[],"categories":[61,74],"tags":[],"_links":{"self":[{"href":"https:\/\/www.comunicatur.info\/es\/wp-json\/wp\/v2\/posts\/6467"}],"collection":[{"href":"https:\/\/www.comunicatur.info\/es\/wp-json\/wp\/v2\/posts"}],"about":[{"href":"https:\/\/www.comunicatur.info\/es\/wp-json\/wp\/v2\/types\/post"}],"author":[{"embeddable":true,"href":"https:\/\/www.comunicatur.info\/es\/wp-json\/wp\/v2\/users\/1"}],"replies":[{"embeddable":true,"href":"https:\/\/www.comunicatur.info\/es\/wp-json\/wp\/v2\/comments?post=6467"}],"version-history":[{"count":1,"href":"https:\/\/www.comunicatur.info\/es\/wp-json\/wp\/v2\/posts\/6467\/revisions"}],"predecessor-version":[{"id":6468,"href":"https:\/\/www.comunicatur.info\/es\/wp-json\/wp\/v2\/posts\/6467\/revisions\/6468"}],"wp:attachment":[{"href":"https:\/\/www.comunicatur.info\/es\/wp-json\/wp\/v2\/media?parent=6467"}],"wp:term":[{"taxonomy":"category","embeddable":true,"href":"https:\/\/www.comunicatur.info\/es\/wp-json\/wp\/v2\/categories?post=6467"},{"taxonomy":"post_tag","embeddable":true,"href":"https:\/\/www.comunicatur.info\/es\/wp-json\/wp\/v2\/tags?post=6467"}],"curies":[{"name":"wp","href":"https:\/\/api.w.org\/{rel}","templated":true}]}}