{"id":6463,"date":"2014-11-18T00:00:39","date_gmt":"2014-11-17T23:00:39","guid":{"rendered":"https:\/\/comunicatur.info\/?p=6463"},"modified":"2014-11-20T22:21:53","modified_gmt":"2014-11-20T21:21:53","slug":"campings-de-girona-medio-millon-de-euros-para-abrir-nuevos-mercados","status":"publish","type":"post","link":"https:\/\/www.comunicatur.info\/es\/campings-de-girona-medio-millon-de-euros-para-abrir-nuevos-mercados\/","title":{"rendered":"Campings de Girona: medio mill\u00f3n de euros para abrir nuevos mercados"},"content":{"rendered":"<p>La Asociaci\u00f3n de Campings de Girona destinar\u00e1 medio mill\u00f3n de euros a un plan de promoci\u00f3n que se llevar\u00e1 a cabo principalmente on line y cuyos objetivos son adaptarse a los nuevos modelos de la demanda tur\u00edstica y abrir nuevos mercados.<\/p>\n<p>Tambi\u00e9n tendr\u00e1 una amplia presencia en las principales ferias internacionales. El presupuesto para promoci\u00f3n 2015 supera en cerca de 58.000 euros el del a\u00f1o anterior y proviene en parte de los ingresos obtenidos con las acciones comerciales que realiza la Asociaci\u00f3n, la docencia en la Facultat de Turismo de la Universidad de Girona y de nuevos productos lanzados al mercado.<\/p>\n<p>El plan de promoci\u00f3n cuenta con la colaboraci\u00f3n del Patronato de Turismo Girona Costa Brava y la Agencia Catalana de Turismo.<\/p>\n<p>El anuncio de este plan tuvo lugar durante la asamblea anual de la entidad. En el decurso de la reuni\u00f3n tambi\u00e9n se present\u00f3 el balance de la temporada de verano de los campings de Girona, que arroja un descenso de pernoctaciones del 7% en comparaci\u00f3n con el a\u00f1o anterior.<\/p>\n<p>Las causas han sido la fuerte disminuci\u00f3n del turismo holand\u00e9s en julio (21,8%), debido al mal tiempo y al Mundial de F\u00fatbol, entre otros factores. En cambio, crecieron el turismo alem\u00e1n y franc\u00e9s, al igual que el espa\u00f1ol, pero sin llegar a compensar el descenso de holandeses mencionado.<\/p>\n<p>Tambi\u00e9n se ha renovado por completo la web de la asociaci\u00f3n para que act\u00fae como motor de reserva para los campings asociados, ofreci\u00e9ndose en 7 idiomas y contando con una intranet.<em>\/Campireport<\/em><\/p>\n","protected":false},"excerpt":{"rendered":"<p>La Asociaci\u00f3n de Campings de Girona destinar\u00e1 medio mill\u00f3n de euros a un plan de promoci\u00f3n que se llevar\u00e1 a cabo principalmente on line y cuyos objetivos son adaptarse a los nuevos modelos de la demanda tur\u00edstica y abrir nuevos mercados. Tambi\u00e9n tendr\u00e1 una amplia presencia en las principales ferias internacionales. El presupuesto para promoci\u00f3n &hellip;<\/p>\n","protected":false},"author":1,"featured_media":0,"comment_status":"closed","ping_status":"open","sticky":false,"template":"","format":"standard","meta":[],"categories":[59,62],"tags":[],"_links":{"self":[{"href":"https:\/\/www.comunicatur.info\/es\/wp-json\/wp\/v2\/posts\/6463"}],"collection":[{"href":"https:\/\/www.comunicatur.info\/es\/wp-json\/wp\/v2\/posts"}],"about":[{"href":"https:\/\/www.comunicatur.info\/es\/wp-json\/wp\/v2\/types\/post"}],"author":[{"embeddable":true,"href":"https:\/\/www.comunicatur.info\/es\/wp-json\/wp\/v2\/users\/1"}],"replies":[{"embeddable":true,"href":"https:\/\/www.comunicatur.info\/es\/wp-json\/wp\/v2\/comments?post=6463"}],"version-history":[{"count":1,"href":"https:\/\/www.comunicatur.info\/es\/wp-json\/wp\/v2\/posts\/6463\/revisions"}],"predecessor-version":[{"id":6464,"href":"https:\/\/www.comunicatur.info\/es\/wp-json\/wp\/v2\/posts\/6463\/revisions\/6464"}],"wp:attachment":[{"href":"https:\/\/www.comunicatur.info\/es\/wp-json\/wp\/v2\/media?parent=6463"}],"wp:term":[{"taxonomy":"category","embeddable":true,"href":"https:\/\/www.comunicatur.info\/es\/wp-json\/wp\/v2\/categories?post=6463"},{"taxonomy":"post_tag","embeddable":true,"href":"https:\/\/www.comunicatur.info\/es\/wp-json\/wp\/v2\/tags?post=6463"}],"curies":[{"name":"wp","href":"https:\/\/api.w.org\/{rel}","templated":true}]}}