{"id":6446,"date":"2014-11-13T00:00:58","date_gmt":"2014-11-12T23:00:58","guid":{"rendered":"https:\/\/comunicatur.info\/?p=6446"},"modified":"2014-11-12T22:41:43","modified_gmt":"2014-11-12T21:41:43","slug":"inyeccion-de-capital-para-salvar-boi-taull","status":"publish","type":"post","link":"https:\/\/www.comunicatur.info\/es\/inyeccion-de-capital-para-salvar-boi-taull\/","title":{"rendered":"Inyecci\u00f3n de capital para salvar Bo\u00ed Ta\u00fcll"},"content":{"rendered":"<p>La Generalitat de Catalu\u00f1a ha vuelto a realizar una inyecci\u00f3n econ\u00f3mica en la estaci\u00f3n pirenaica de Bo\u00ed Ta\u00fcll para garantizar la temporada de invierno. Ha ampliado con 750 mil euros m\u00e1s el pr\u00e9stamo que ya hab\u00eda concedido el mes de julio por un importe de 600 mil euros.<\/p>\n<p><!--more-->En total ya son 1,35 millones de euros el capital p\u00fablico que la estaci\u00f3n leridana ha recibido este a\u00f1o para poder salvar su actividad. El pr\u00e9stamo lo ir\u00e1 devolviendo Bo\u00ed Ta\u00fcll con el 50% de la venta de los forfets de esta temporada 2014\/2015. Los 56 trabajadores de la empresa est\u00e1n en huelga indefinida y la levantar\u00e1n cuando cobren las pagas atrasadas desde julio que suben a 200 mil euros.<\/p>\n<p>El grupo Nozar es el principal accionista de la empresa que gestiona la estaci\u00f3n. Los problemas econ\u00f3micos se remontan a hace 5 a\u00f1os pero el impacto econ\u00f3mico que supondr\u00eda en la comarca su cierre est\u00e1 forzando a la administraci\u00f3n a alargar lo que parece una agon\u00eda empresarial. Bo\u00ed Ta\u00fcll da trabajo a 200 personas durante la temporada de nieve.<\/p>\n","protected":false},"excerpt":{"rendered":"<p>La Generalitat de Catalu\u00f1a ha vuelto a realizar una inyecci\u00f3n econ\u00f3mica en la estaci\u00f3n pirenaica de Bo\u00ed Ta\u00fcll para garantizar la temporada de invierno. Ha ampliado con 750 mil euros m\u00e1s el pr\u00e9stamo que ya hab\u00eda concedido el mes de julio por un importe de 600 mil euros. En total ya son 1,35 millones de &hellip;<\/p>\n","protected":false},"author":1,"featured_media":0,"comment_status":"closed","ping_status":"open","sticky":false,"template":"","format":"standard","meta":[],"categories":[62,61],"tags":[],"_links":{"self":[{"href":"https:\/\/www.comunicatur.info\/es\/wp-json\/wp\/v2\/posts\/6446"}],"collection":[{"href":"https:\/\/www.comunicatur.info\/es\/wp-json\/wp\/v2\/posts"}],"about":[{"href":"https:\/\/www.comunicatur.info\/es\/wp-json\/wp\/v2\/types\/post"}],"author":[{"embeddable":true,"href":"https:\/\/www.comunicatur.info\/es\/wp-json\/wp\/v2\/users\/1"}],"replies":[{"embeddable":true,"href":"https:\/\/www.comunicatur.info\/es\/wp-json\/wp\/v2\/comments?post=6446"}],"version-history":[{"count":1,"href":"https:\/\/www.comunicatur.info\/es\/wp-json\/wp\/v2\/posts\/6446\/revisions"}],"predecessor-version":[{"id":6447,"href":"https:\/\/www.comunicatur.info\/es\/wp-json\/wp\/v2\/posts\/6446\/revisions\/6447"}],"wp:attachment":[{"href":"https:\/\/www.comunicatur.info\/es\/wp-json\/wp\/v2\/media?parent=6446"}],"wp:term":[{"taxonomy":"category","embeddable":true,"href":"https:\/\/www.comunicatur.info\/es\/wp-json\/wp\/v2\/categories?post=6446"},{"taxonomy":"post_tag","embeddable":true,"href":"https:\/\/www.comunicatur.info\/es\/wp-json\/wp\/v2\/tags?post=6446"}],"curies":[{"name":"wp","href":"https:\/\/api.w.org\/{rel}","templated":true}]}}