{"id":6409,"date":"2014-11-07T00:00:18","date_gmt":"2014-11-06T23:00:18","guid":{"rendered":"https:\/\/comunicatur.info\/?p=6409"},"modified":"2014-11-20T22:23:12","modified_gmt":"2014-11-20T21:23:12","slug":"las-catalanas-senalizadas","status":"publish","type":"post","link":"https:\/\/www.comunicatur.info\/es\/las-catalanas-senalizadas\/","title":{"rendered":"Las DO catalanas, se\u00f1alizadas"},"content":{"rendered":"<p>A finales de este mes de noviembre, 30 plafones indicar\u00e1n la entrada a las Denominaciones de Origen (DO) vin\u00edcolas catalanas de Alella, Conca de Barber\u00e0, Costers del Segre, Empord\u00e0, Montsant, Pened\u00e8s, Pla de Bages, Priorat, Tarragona y Terra Alta.<\/p>\n<p>Ubicados en diversos puntos de carreteras catalanas, la nueva se\u00f1alizaci\u00f3n pretende dar visibilidad e identificar de manera clara aquellas zonas del territorio donde el visitante puede encontrar recursos singulares y propuestas relacionadas con el enoturismo.<\/p>\n<p>Esta se\u00f1alizaci\u00f3n forma parte del programa Enoturismo Catalu\u00f1a, proyecto de la Generalitat para promover y apoyar la comercializaci\u00f3n de la oferta tur\u00edstica catalana vinculada al enoturismo, con el reto de posicionar Catalu\u00f1a como destino referente en enoturismo a escala mundial. El proyecto integra a los diferentes entes implicados: administraciones p\u00fablicas, Rutas del Vino, INCAVI, DO\u2019s, Universitat Rovira i Virgili y el sector privado.<\/p>\n<p><strong>Otras iniciativas<\/strong><\/p>\n<p>Tambi\u00e9n en el marco del programa Enoturismo Catalu\u00f1a, la Direcci\u00f3n general de Turismo, ha creado los primeros Premios de Enoturismo de Catalu\u00f1a 2015 con el objetivo de reconocer las mejores iniciativas enotur\u00edsticas. La entrega de estos galardones est\u00e1 prevista para la primavera de 2015. Se podr\u00e1n presentar todo tipos de empresas privadas con una relaci\u00f3n directa con el enoturismo en Catalu\u00f1a.<\/p>\n<p>Otra de las iniciativas que se pondr\u00e1n en marcha en los pr\u00f3ximos meses es la implementaci\u00f3n de un Gestor Estad\u00edstico en el \u00e1mbito enotur\u00edstico, con una encuesta dise\u00f1ada espec\u00edficamente para las bodegas. El objetivo es recoger informaci\u00f3n sobre la demanda del producto enotur\u00edstico y sobre el perfil de estos visitantes para conocer y evaluar las tendencias de la demanda, segmentar el cliente y disponer de un sistema de indicadores que permita mejorar la promoci\u00f3n y la comercializaci\u00f3n de este producto en los diferentes mercados emisores.<\/p>\n<p>En cuanto a la promoci\u00f3n, la Agencia Catalana de Turismo acaba de\u00a0 editar el primer mapa gu\u00eda del enoturismo en Catalu\u00f1a. Disponible en catal\u00e1n\/castellano e ingl\u00e9s\/alem\u00e1n, el mapa explica las caracter\u00edsticas de las 12 DO catalanas, presenta varias propuestas tur\u00edsticas alrededor del mundo del vino y recoge datos de inter\u00e9s como por ejemplo ferias y fiestas del vino que tienen lugar en Catalu\u00f1a, agencias de viaje especializadas y museos y centros de interpretaci\u00f3n para conocer la historia vitivin\u00edcola de Catalu\u00f1a.<\/p>\n<p><strong>Bodegas centenarias<\/strong><\/p>\n<p>Coincidiendo con este impulso al enoturismo, las Bodegas de Raimat (DO Costers del Segre) celebran este a\u00f1o su centenario, consolidados como una de las firmas enol\u00f2gicas m\u00e1s importantes de las comarcas de Lleida.<\/p>\n<p>Las Bodegas de Raimat forman parte de la Ruta del Vino de Lleida, propuesta de enoturismo que este a\u00f1o celebra su 5\u00ba aniversario con 100 asociados y el inicio de la comercializaci\u00f3n de paquetes tur\u00edsticos.<\/p>\n","protected":false},"excerpt":{"rendered":"<p>A finales de este mes de noviembre, 30 plafones indicar\u00e1n la entrada a las Denominaciones de Origen (DO) vin\u00edcolas catalanas de Alella, Conca de Barber\u00e0, Costers del Segre, Empord\u00e0, Montsant, Pened\u00e8s, Pla de Bages, Priorat, Tarragona y Terra Alta. Ubicados en diversos puntos de carreteras catalanas, la nueva se\u00f1alizaci\u00f3n pretende dar visibilidad e identificar de &hellip;<\/p>\n","protected":false},"author":1,"featured_media":0,"comment_status":"closed","ping_status":"open","sticky":false,"template":"","format":"standard","meta":[],"categories":[62],"tags":[],"_links":{"self":[{"href":"https:\/\/www.comunicatur.info\/es\/wp-json\/wp\/v2\/posts\/6409"}],"collection":[{"href":"https:\/\/www.comunicatur.info\/es\/wp-json\/wp\/v2\/posts"}],"about":[{"href":"https:\/\/www.comunicatur.info\/es\/wp-json\/wp\/v2\/types\/post"}],"author":[{"embeddable":true,"href":"https:\/\/www.comunicatur.info\/es\/wp-json\/wp\/v2\/users\/1"}],"replies":[{"embeddable":true,"href":"https:\/\/www.comunicatur.info\/es\/wp-json\/wp\/v2\/comments?post=6409"}],"version-history":[{"count":1,"href":"https:\/\/www.comunicatur.info\/es\/wp-json\/wp\/v2\/posts\/6409\/revisions"}],"predecessor-version":[{"id":6410,"href":"https:\/\/www.comunicatur.info\/es\/wp-json\/wp\/v2\/posts\/6409\/revisions\/6410"}],"wp:attachment":[{"href":"https:\/\/www.comunicatur.info\/es\/wp-json\/wp\/v2\/media?parent=6409"}],"wp:term":[{"taxonomy":"category","embeddable":true,"href":"https:\/\/www.comunicatur.info\/es\/wp-json\/wp\/v2\/categories?post=6409"},{"taxonomy":"post_tag","embeddable":true,"href":"https:\/\/www.comunicatur.info\/es\/wp-json\/wp\/v2\/tags?post=6409"}],"curies":[{"name":"wp","href":"https:\/\/api.w.org\/{rel}","templated":true}]}}