{"id":6401,"date":"2014-11-06T00:00:13","date_gmt":"2014-11-05T23:00:13","guid":{"rendered":"https:\/\/comunicatur.info\/?p=6401"},"modified":"2014-11-20T22:23:24","modified_gmt":"2014-11-20T21:23:24","slug":"banyoles-en-familia-2","status":"publish","type":"post","link":"https:\/\/www.comunicatur.info\/es\/banyoles-en-familia-2\/","title":{"rendered":"Banyoles, en familia"},"content":{"rendered":"<p>Banyoles lanza \u201cVen en familia y te regalamos Banyoles\u201d, una campa\u00f1a tur\u00edstica en la que las familias que se alojen m\u00e1s de dos noches en la ciudad durante estos meses de noviembre y diciembre disfrutar\u00e1n de servicios y descuentos.<\/p>\n<p>Entre otras ventajas, los ni\u00f1os y ni\u00f1as de entre 0 y 11 a\u00f1os, acompa\u00f1ados como m\u00ednimo de un adulto por ni\u00f1o, tendr\u00e1n el alojamiento gratuito. Los menores de 16 a\u00f1os tambi\u00e9n tendr\u00e1n entrada gratuita a los Museos de Banyoles (Museo Darder y Museo Arqueol\u00f3gico). Otras propuestas gratuitas son el viaje con la barca Tirona y todo tipo de actividades, talleres, visitas teatralizadas, t\u00edteres y visitas guiadas.<\/p>\n<p>La regidora de Comercio, Consumo, Turismo, Ferias y Promoci\u00f3n econ\u00f3mica de Banyoles, Joana Vil\u00e0, ha destacado que \u201chemos preparado esta campa\u00f1a con el objetivo de reforzar el destino de Banyoles durante los meses de menos afluencia tur\u00edstica a la ciudad, creemos que podemos ofrecer una serie de alicientes y motivos adicionales para venir a la ciudad y quedarse, m\u00e1s all\u00e1 del verano o Semana Santa\u201d.<\/p>\n<p>Seg\u00fan Vil\u00e0, \u201ccon esta campa\u00f1a lo que queremos, es poner facilidades, ventajas, para premiar, en este caso a familias que escojan la ciudad como destino para visitar y pernoctar, as\u00ed como tambi\u00e9n para hacer uso y consumo de los servicios o establecimientos de la ciudad\u201d.<\/p>\n<p>La campa\u00f1a incluye el 2&#215;1 aplicable en la entrada del parque de ocio infantil Planeta M\u00e1gico de Banyoles y el regalo de la Banyoles magn\u00e9tica, un juego con imanes con elementos representativos de l&#8217;Estany y el Barrio Viejo, como por ejemplo el Drag\u00f3n de Banyoles, la barca Tirona, las barcas de remo, el pato de cuello verde, el le\u00f3n del Museo Darder, los gigantes de Banyoles y el Tren Pinxo. Los imanes se pueden ir consiguiendo a medida que se vayan realizando diferentes actividades en el municipio.<\/p>\n","protected":false},"excerpt":{"rendered":"<p>Banyoles lanza \u201cVen en familia y te regalamos Banyoles\u201d, una campa\u00f1a tur\u00edstica en la que las familias que se alojen m\u00e1s de dos noches en la ciudad durante estos meses de noviembre y diciembre disfrutar\u00e1n de servicios y descuentos. Entre otras ventajas, los ni\u00f1os y ni\u00f1as de entre 0 y 11 a\u00f1os, acompa\u00f1ados como m\u00ednimo &hellip;<\/p>\n","protected":false},"author":1,"featured_media":0,"comment_status":"closed","ping_status":"open","sticky":false,"template":"","format":"standard","meta":[],"categories":[62],"tags":[],"_links":{"self":[{"href":"https:\/\/www.comunicatur.info\/es\/wp-json\/wp\/v2\/posts\/6401"}],"collection":[{"href":"https:\/\/www.comunicatur.info\/es\/wp-json\/wp\/v2\/posts"}],"about":[{"href":"https:\/\/www.comunicatur.info\/es\/wp-json\/wp\/v2\/types\/post"}],"author":[{"embeddable":true,"href":"https:\/\/www.comunicatur.info\/es\/wp-json\/wp\/v2\/users\/1"}],"replies":[{"embeddable":true,"href":"https:\/\/www.comunicatur.info\/es\/wp-json\/wp\/v2\/comments?post=6401"}],"version-history":[{"count":1,"href":"https:\/\/www.comunicatur.info\/es\/wp-json\/wp\/v2\/posts\/6401\/revisions"}],"predecessor-version":[{"id":6402,"href":"https:\/\/www.comunicatur.info\/es\/wp-json\/wp\/v2\/posts\/6401\/revisions\/6402"}],"wp:attachment":[{"href":"https:\/\/www.comunicatur.info\/es\/wp-json\/wp\/v2\/media?parent=6401"}],"wp:term":[{"taxonomy":"category","embeddable":true,"href":"https:\/\/www.comunicatur.info\/es\/wp-json\/wp\/v2\/categories?post=6401"},{"taxonomy":"post_tag","embeddable":true,"href":"https:\/\/www.comunicatur.info\/es\/wp-json\/wp\/v2\/tags?post=6401"}],"curies":[{"name":"wp","href":"https:\/\/api.w.org\/{rel}","templated":true}]}}