{"id":6356,"date":"2014-10-23T00:00:02","date_gmt":"2014-10-22T23:00:02","guid":{"rendered":"https:\/\/comunicatur.info\/?p=6356"},"modified":"2014-11-20T22:24:40","modified_gmt":"2014-11-20T21:24:40","slug":"se-abre-la-puerta-para-regular-los-bed-breakfast-en-cataluna","status":"publish","type":"post","link":"https:\/\/www.comunicatur.info\/es\/se-abre-la-puerta-para-regular-los-bed-breakfast-en-cataluna\/","title":{"rendered":"Se abre la puerta para regular los Bed and Breakfast en Catalu\u00f1a"},"content":{"rendered":"<p>Catalu\u00f1a revisar\u00e1 su normativa de alojamiento tur\u00edstico para dar respuesta a las nuevas modalidades y necesidades de alojamiento que han surgido. En este sentido el Parlamento ya ha instado al Gobierno catal\u00e1n a introducir cambios que afectar\u00e1n a los pisos tur\u00edsticos.<\/p>\n<p><!--more-->Algunas de las modificaciones podr\u00edan permitir la actividad de Bed&amp;Breakfast que hasta ahora est\u00e1 excluida de la normativa. Esta pr\u00e1ctica, que es ilegal en Catalu\u00f1a, es la que defienden plataformas como Airbnb. La plataforma de alquiler de apartamentos cuenta con una amplia oferta de habitaciones en alquiler por d\u00edas en Barcelona. Bajo el paraguas del consumo colaborativo Airbnb explota el modelo de los anfitriones, un sistema de econom\u00eda entre particulares que acogen en su casa a los turistas.<\/p>\n<p>Tambi\u00e9n desde el \u00e1mbito vecinal consideran que el alquiler de habitaciones en viviendas privadas es mejor que el alquiler completo del piso porque permite controlar directamente a los inquilinos. As\u00ed mismo, consideran que es una f\u00f3rmula de redistribuci\u00f3n social de los beneficios del turismo que hasta ahora s\u00f3lo pueden disfrutar aquellos que disponen de segundas residencias en propiedad.<\/p>\n<p>Los partidos pol\u00edticos quieren incluir en la normativa la posibilidad de pedir consentimiento a la comunidad de propietarios siempre que se quiera abrir una vivienda tur\u00edstica en una finca. El otro punto que se podr\u00eda incorporar en la normativa es fijar un periodo m\u00ednimo de estancias como ya sucede en Madrid y est\u00e1 en estudio en otras Comunidades Aut\u00f3nomas.<\/p>\n<p>El Ayuntamiento de Barcelona anunci\u00f3 que est\u00e1 trabajando en una normativa propia por los apartamentos tur\u00edsticos. Entre las propuestas que quieren incluir en esta normativa municipal est\u00e1 que los pisos tur\u00edsticos pierdan su condici\u00f3n de vivienda residencial y que los turistas firmen un contrato y paguen una fianza para cubrir da\u00f1os. Todas estas modificaciones ponen m\u00e1s obst\u00e1culos a la puesta en marcha de esta actividad y busca una limitaci\u00f3n de la oferta de viviendas tur\u00edsticas en Catalu\u00f1a.<\/p>\n","protected":false},"excerpt":{"rendered":"<p>Catalu\u00f1a revisar\u00e1 su normativa de alojamiento tur\u00edstico para dar respuesta a las nuevas modalidades y necesidades de alojamiento que han surgido. En este sentido el Parlamento ya ha instado al Gobierno catal\u00e1n a introducir cambios que afectar\u00e1n a los pisos tur\u00edsticos. Algunas de las modificaciones podr\u00edan permitir la actividad de Bed&amp;Breakfast que hasta ahora est\u00e1 &hellip;<\/p>\n","protected":false},"author":1,"featured_media":0,"comment_status":"closed","ping_status":"open","sticky":false,"template":"","format":"standard","meta":[],"categories":[59],"tags":[],"_links":{"self":[{"href":"https:\/\/www.comunicatur.info\/es\/wp-json\/wp\/v2\/posts\/6356"}],"collection":[{"href":"https:\/\/www.comunicatur.info\/es\/wp-json\/wp\/v2\/posts"}],"about":[{"href":"https:\/\/www.comunicatur.info\/es\/wp-json\/wp\/v2\/types\/post"}],"author":[{"embeddable":true,"href":"https:\/\/www.comunicatur.info\/es\/wp-json\/wp\/v2\/users\/1"}],"replies":[{"embeddable":true,"href":"https:\/\/www.comunicatur.info\/es\/wp-json\/wp\/v2\/comments?post=6356"}],"version-history":[{"count":1,"href":"https:\/\/www.comunicatur.info\/es\/wp-json\/wp\/v2\/posts\/6356\/revisions"}],"predecessor-version":[{"id":6357,"href":"https:\/\/www.comunicatur.info\/es\/wp-json\/wp\/v2\/posts\/6356\/revisions\/6357"}],"wp:attachment":[{"href":"https:\/\/www.comunicatur.info\/es\/wp-json\/wp\/v2\/media?parent=6356"}],"wp:term":[{"taxonomy":"category","embeddable":true,"href":"https:\/\/www.comunicatur.info\/es\/wp-json\/wp\/v2\/categories?post=6356"},{"taxonomy":"post_tag","embeddable":true,"href":"https:\/\/www.comunicatur.info\/es\/wp-json\/wp\/v2\/tags?post=6356"}],"curies":[{"name":"wp","href":"https:\/\/api.w.org\/{rel}","templated":true}]}}