{"id":6329,"date":"2014-10-16T00:00:57","date_gmt":"2014-10-15T22:00:57","guid":{"rendered":"https:\/\/comunicatur.info\/?p=6329"},"modified":"2014-10-12T15:51:50","modified_gmt":"2014-10-12T13:51:50","slug":"el-salon-internacional-del-turismo-en-cataluna-evoluciona-y-se-transforma-en-b-travel","status":"publish","type":"post","link":"https:\/\/www.comunicatur.info\/es\/el-salon-internacional-del-turismo-en-cataluna-evoluciona-y-se-transforma-en-b-travel\/","title":{"rendered":"El Sal\u00f3n Internacional del Turismo en Catalu\u00f1a evoluciona y se transforma en B-Travel"},"content":{"rendered":"<p>Avalado por una trayectoria de m\u00e1s de 20 a\u00f1os, el Sal\u00f3n Internacional del Turismo en Catalu\u00f1a (SITC) da un paso m\u00e1s all\u00e1 y en 2015 inicia una nueva etapa como B-Travel. El certamen apuesta por un cambio de formato m\u00e1s orientado a las experiencias tur\u00edsticas que demanda el nuevo viajero y con el objetivo de que el visitante pueda personalizar su visita en funci\u00f3n de las emociones que busca para su viaje. Se celebrar\u00e1 del 17 al 19 de abril en el recinto de Montju\u00efc de Fira de Barcelona.<\/p>\n<p><!--more-->Tras analizar las \u00faltimas tendencias en turismo y teniendo en cuenta las demandas del nuevo viajero, el SITC se reinventa y evoluciona a B-Travel con un formato innovador que revaloriza las experiencias tur\u00edsticas para responder as\u00ed a los retos del sector y a los cambios de h\u00e1bitos y motivaciones de un consumidor que, seg\u00fan un estudio encargado por el sal\u00f3n, quiere disfrutar de algo aut\u00e9ntico y exclusivo, desconnectar digitalmente y descubrir lugares fuera de las rutas marcadas; tambi\u00e9n aprecia la cultura local y tiene mayor conciencia ecosocial.<\/p>\n<p>La oferta de B-Travel se estructurar\u00e1 en cinco ejes tem\u00e1ticos: B-Happy, con propuestas para los que desean compartir experiencias de bienestar en compa\u00f1\u00eda (slow travel, escapadas rom\u00e1nticas, viajes en familia y con amigos, destinos de wellness y para \u00abdesinfoxicarse\u00bb de la tecnolog\u00eda, etc.); B-Special, oferta dirigida a los visitantes que persiguen vivencias \u00fanicas (local love, shopping o experiencias de lujo, entre otras); B-Culture, para los entusiastas del arte, la historia y la cultura (destinos de turismo cultural, religioso, cinematogr\u00e1fico, etc.); B-Adventure, con el deporte, la naturaleza y la aventura como protagonistas (camping, turismo rural, viajes con mascotas, destinos n\u00e1uticos, etc); y B-Delicious, para los interesados en la eno-gastronom\u00eda.<\/p>\n<p>Con este nuevo enfoque, orientado a la demanda, el visitante puede personalizar su visita ya que encontrar\u00e1 rutas especializadas en la experiencia que desea vivir durante su viaje\u00bb, destaca Marta Serra, directora de B-Travel. \u00abComo expertos en turismo despu\u00e9s de organizar el SITC durante m\u00e1s de dos d\u00e9cadas y siendo uno de los cert\u00e1menes m\u00e1s importantes del mercado, lideramos este cambio de modelo ferial con el apoyo de las empresas expositoras. Con este aval, ponemos rumbo hacia un nuevo formato que esperamos poder implantar al 100% en las pr\u00f3ximas ediciones\u00bb, a\u00f1ade.<\/p>\n<p><strong>Nueva comunidad viajera 365 d\u00edas<\/strong><\/p>\n<p>Otro de los objetivos de B-Travel es establecer una nueva comunidad de viajeros, la B-Travel Community, que pretende estar activa a lo largo del a\u00f1o para que los visitantes puedan estar informados de las \u00faltimas tendencias y novedades de la oferta que m\u00e1s le interesa y contactar con otros viajeros que comparten sus preferencias.<\/p>\n","protected":false},"excerpt":{"rendered":"<p>Avalado por una trayectoria de m\u00e1s de 20 a\u00f1os, el Sal\u00f3n Internacional del Turismo en Catalu\u00f1a (SITC) da un paso m\u00e1s all\u00e1 y en 2015 inicia una nueva etapa como B-Travel. El certamen apuesta por un cambio de formato m\u00e1s orientado a las experiencias tur\u00edsticas que demanda el nuevo viajero y con el objetivo de &hellip;<\/p>\n","protected":false},"author":1,"featured_media":0,"comment_status":"closed","ping_status":"open","sticky":false,"template":"","format":"standard","meta":[],"categories":[63],"tags":[],"_links":{"self":[{"href":"https:\/\/www.comunicatur.info\/es\/wp-json\/wp\/v2\/posts\/6329"}],"collection":[{"href":"https:\/\/www.comunicatur.info\/es\/wp-json\/wp\/v2\/posts"}],"about":[{"href":"https:\/\/www.comunicatur.info\/es\/wp-json\/wp\/v2\/types\/post"}],"author":[{"embeddable":true,"href":"https:\/\/www.comunicatur.info\/es\/wp-json\/wp\/v2\/users\/1"}],"replies":[{"embeddable":true,"href":"https:\/\/www.comunicatur.info\/es\/wp-json\/wp\/v2\/comments?post=6329"}],"version-history":[{"count":1,"href":"https:\/\/www.comunicatur.info\/es\/wp-json\/wp\/v2\/posts\/6329\/revisions"}],"predecessor-version":[{"id":6330,"href":"https:\/\/www.comunicatur.info\/es\/wp-json\/wp\/v2\/posts\/6329\/revisions\/6330"}],"wp:attachment":[{"href":"https:\/\/www.comunicatur.info\/es\/wp-json\/wp\/v2\/media?parent=6329"}],"wp:term":[{"taxonomy":"category","embeddable":true,"href":"https:\/\/www.comunicatur.info\/es\/wp-json\/wp\/v2\/categories?post=6329"},{"taxonomy":"post_tag","embeddable":true,"href":"https:\/\/www.comunicatur.info\/es\/wp-json\/wp\/v2\/tags?post=6329"}],"curies":[{"name":"wp","href":"https:\/\/api.w.org\/{rel}","templated":true}]}}