{"id":6274,"date":"2014-10-01T00:00:03","date_gmt":"2014-09-30T22:00:03","guid":{"rendered":"https:\/\/comunicatur.info\/?p=6274"},"modified":"2014-10-08T22:13:12","modified_gmt":"2014-10-08T20:13:12","slug":"ryanair-distribuira-a-traves-de-agencias-de-viajes","status":"publish","type":"post","link":"https:\/\/www.comunicatur.info\/es\/ryanair-distribuira-a-traves-de-agencias-de-viajes\/","title":{"rendered":"Ryanair distribuir\u00e1 a trav\u00e9s de agencias de viajes"},"content":{"rendered":"<p>Ryanair ha cerrado un acuerdo con Amadeus que permite a las agencias de viajes acceder a las tarifas y servicios de la aerol\u00ednea. A las agencias usuarias de Amadeus no se les aplicar\u00e1 ning\u00fan recargo y las tarifas ser\u00e1n las mismas que las publicadas en la web de Ryanair y en otros canales de distribuci\u00f3n.<\/p>\n<p>La aerol\u00ednea irlandesa ha modificado su estrategia y se integra en un GDS a pesar de haberse negado reiteradamente incorporarse en este tipo de plataformas, que abandon\u00f3 hace m\u00e1s de diez a\u00f1os. A partir del 1 de noviembre los vuelos de la compa\u00f1\u00eda estar\u00e1n en Amadeus.<\/p>\n<p>Gracias a este acuerdo, las nuevas tarifas Business Plus de Ryanair -paquete personalizado para el segmento de los viajes de empresa- tambi\u00e9n estar\u00e1n disponibles en Amadeus. El cambio de rumbo de Michael O\u2019Leary, CEO de Ryanair, es evidente. Tras entrar en p\u00e9rdidas el pasado a\u00f1o ha iniciado la aproximaci\u00f3n a las agencias de viajes para captar m\u00e1s ventas. En marzo cerr\u00f3 un acuerdo con Travelport (Galileo) l\u00edder en el Reino Unido y ahora con Amadeus, l\u00edder en Espa\u00f1a y Europa.<\/p>\n<p>La b\u00fasqueda de clientes en el segmento de viajes de empresa permitiendo flexibilidad a la hora de realizar cambios de billetes, facturar una maleta de hasta 20 kg, dar acceso preferente en los controles y asientos Premium, son ejemplos de la deriva que est\u00e1 aplicando la compa\u00f1\u00eda para conseguir ampliar la tipolog\u00eda de pasajeros. Michael O\u2019Leary ha declarado que \u201ceste acuerdo mejorar\u00e1 el acceso de viajeros de negocios, compa\u00f1\u00edas y empresas de gesti\u00f3n de viajes a nuestras tarifas reducidas y a la mayor red de rutas de Europa\u201d.<\/p>\n<p>M\u00e1s de 70 aerol\u00edneas de bajo coste distribuyen sus tarifas a trav\u00e9s del sistema Amadeus. Ryanair opera m\u00e1s de 1.600 vuelos diarios desde 69 bases, conectando 186 destinos en 30 pa\u00edses, y cuenta con una flota de 300 nuevas aeronaves Boeing 737-800. Recientemente, anunci\u00f3 pedidos en firme de 280 nuevas aeronaves Boeing 737 y la posibilidad de adquirir otros 100 Boeing m\u00e1s. La lowcost produce un tr\u00e1fico de 86 millones de viajeros este a\u00f1o y pretende superar los 150 millones de pasajeros anuales en 2024.<\/p>\n","protected":false},"excerpt":{"rendered":"<p>Ryanair ha cerrado un acuerdo con Amadeus que permite a las agencias de viajes acceder a las tarifas y servicios de la aerol\u00ednea. A las agencias usuarias de Amadeus no se les aplicar\u00e1 ning\u00fan recargo y las tarifas ser\u00e1n las mismas que las publicadas en la web de Ryanair y en otros canales de distribuci\u00f3n. &hellip;<\/p>\n","protected":false},"author":1,"featured_media":0,"comment_status":"closed","ping_status":"open","sticky":false,"template":"","format":"standard","meta":[],"categories":[66,61,65],"tags":[],"_links":{"self":[{"href":"https:\/\/www.comunicatur.info\/es\/wp-json\/wp\/v2\/posts\/6274"}],"collection":[{"href":"https:\/\/www.comunicatur.info\/es\/wp-json\/wp\/v2\/posts"}],"about":[{"href":"https:\/\/www.comunicatur.info\/es\/wp-json\/wp\/v2\/types\/post"}],"author":[{"embeddable":true,"href":"https:\/\/www.comunicatur.info\/es\/wp-json\/wp\/v2\/users\/1"}],"replies":[{"embeddable":true,"href":"https:\/\/www.comunicatur.info\/es\/wp-json\/wp\/v2\/comments?post=6274"}],"version-history":[{"count":2,"href":"https:\/\/www.comunicatur.info\/es\/wp-json\/wp\/v2\/posts\/6274\/revisions"}],"predecessor-version":[{"id":6276,"href":"https:\/\/www.comunicatur.info\/es\/wp-json\/wp\/v2\/posts\/6274\/revisions\/6276"}],"wp:attachment":[{"href":"https:\/\/www.comunicatur.info\/es\/wp-json\/wp\/v2\/media?parent=6274"}],"wp:term":[{"taxonomy":"category","embeddable":true,"href":"https:\/\/www.comunicatur.info\/es\/wp-json\/wp\/v2\/categories?post=6274"},{"taxonomy":"post_tag","embeddable":true,"href":"https:\/\/www.comunicatur.info\/es\/wp-json\/wp\/v2\/tags?post=6274"}],"curies":[{"name":"wp","href":"https:\/\/api.w.org\/{rel}","templated":true}]}}