{"id":6148,"date":"2014-08-21T14:27:21","date_gmt":"2014-08-21T12:27:21","guid":{"rendered":"https:\/\/comunicatur.info\/?p=6148"},"modified":"2014-08-21T14:27:21","modified_gmt":"2014-08-21T12:27:21","slug":"barcelona-en-alerta-por-las-primeras-movilizaciones-ciudadanas-contra-el-turismo","status":"publish","type":"post","link":"https:\/\/www.comunicatur.info\/es\/barcelona-en-alerta-por-las-primeras-movilizaciones-ciudadanas-contra-el-turismo\/","title":{"rendered":"Barcelona en alerta por las primeras movilizaciones ciudadanas contra el turismo"},"content":{"rendered":"<p>Los vecinos del barrio de la Barceloneta han salido a la calle para manifestarse contra las molestias que causan los turistas. La tensi\u00f3n que vive esta zona de la ciudad, junto a las playas y zona de ocio, ha acabado por estallar y algunos centenares de personas han decidido de manera espont\u00e1nea manifestarse contra el incivismo de los turistas e incluso se encaran con ellos.<\/p>\n<p>Los vecinos consideran que la existencia de apartamentos tur\u00edsticos ilegales de la Barceloneta en el distrito de Ciutat Vella est\u00e1 propiciando comportamientos inc\u00edvicos en la calle, ruidos y suciedad. Noches sin poder dormir, v\u00f3mitos en la v\u00eda p\u00fablica, vidrios de botellas rotas e incluso unas im\u00e1genes de unos turistas que entran en un supermercado totalmente desnudos, son algunos de los detonantes de la rebeli\u00f3n ciudadana.<\/p>\n<p>Tambi\u00e9n se quejan de las fiestas en los pisos tur\u00edsticos que organizan constantemente grupos de j\u00f3venes con altas dosis de alcohol durante las madrugadas. En la Barceloneta hay poco m\u00e1s de 70 apartamentos tur\u00edsticos registrados legalmente, pero seg\u00fan los vecinos hay centenares de ilegales que adem\u00e1s tienen sobre ocupaci\u00f3n. El propio Ayuntamiento dice que es dif\u00edcil cuantificar cu\u00e1ntos operan fuera de la ley pero espera aprobar una ordenanza sobre las viviendas tur\u00edsticas. El consistorio barcelon\u00e9s est\u00e1 decidido a combatir la imagen de una ciudad abocada al \u00abturismo de borrachera\u00bb. Como primera acci\u00f3n ha decidido enviar m\u00e1s polic\u00eda a este barrio.<\/p>\n","protected":false},"excerpt":{"rendered":"<p>Los vecinos del barrio de la Barceloneta han salido a la calle para manifestarse contra las molestias que causan los turistas. La tensi\u00f3n que vive esta zona de la ciudad, junto a las playas y zona de ocio, ha acabado por estallar y algunos centenares de personas han decidido de manera espont\u00e1nea manifestarse contra el &hellip;<\/p>\n","protected":false},"author":1,"featured_media":0,"comment_status":"closed","ping_status":"open","sticky":false,"template":"","format":"standard","meta":[],"categories":[59,62],"tags":[],"_links":{"self":[{"href":"https:\/\/www.comunicatur.info\/es\/wp-json\/wp\/v2\/posts\/6148"}],"collection":[{"href":"https:\/\/www.comunicatur.info\/es\/wp-json\/wp\/v2\/posts"}],"about":[{"href":"https:\/\/www.comunicatur.info\/es\/wp-json\/wp\/v2\/types\/post"}],"author":[{"embeddable":true,"href":"https:\/\/www.comunicatur.info\/es\/wp-json\/wp\/v2\/users\/1"}],"replies":[{"embeddable":true,"href":"https:\/\/www.comunicatur.info\/es\/wp-json\/wp\/v2\/comments?post=6148"}],"version-history":[{"count":1,"href":"https:\/\/www.comunicatur.info\/es\/wp-json\/wp\/v2\/posts\/6148\/revisions"}],"predecessor-version":[{"id":6149,"href":"https:\/\/www.comunicatur.info\/es\/wp-json\/wp\/v2\/posts\/6148\/revisions\/6149"}],"wp:attachment":[{"href":"https:\/\/www.comunicatur.info\/es\/wp-json\/wp\/v2\/media?parent=6148"}],"wp:term":[{"taxonomy":"category","embeddable":true,"href":"https:\/\/www.comunicatur.info\/es\/wp-json\/wp\/v2\/categories?post=6148"},{"taxonomy":"post_tag","embeddable":true,"href":"https:\/\/www.comunicatur.info\/es\/wp-json\/wp\/v2\/tags?post=6148"}],"curies":[{"name":"wp","href":"https:\/\/api.w.org\/{rel}","templated":true}]}}