{"id":6073,"date":"2014-08-04T00:00:41","date_gmt":"2014-08-03T22:00:41","guid":{"rendered":"https:\/\/comunicatur.info\/?p=6073"},"modified":"2014-07-26T13:08:06","modified_gmt":"2014-07-26T11:08:06","slug":"los-apartamentos-denuncian-que-los-hoteleros-los-quieren-eliminar","status":"publish","type":"post","link":"https:\/\/www.comunicatur.info\/es\/los-apartamentos-denuncian-que-los-hoteleros-los-quieren-eliminar\/","title":{"rendered":"Los apartamentos denuncian que los hoteleros los quieren eliminar"},"content":{"rendered":"<p>Los empresarios de los apartamentos aseguran que los hoteleros quieren excluirlos como modalidad de alojamiento porque los consideran una competencia directa. La asociaci\u00f3n de apartamentos tur\u00edsticos quiere que el Ayuntamiento de Barcelona levante lo antes posible la moratoria para legalizar viviendas tur\u00edsticas en la ciudad.<\/p>\n<p><!--more-->El sector apartamentista dice que los hoteleros est\u00e1n presionando a las administraciones y a los partidos pol\u00edticos, especialmente al Partido Popular, para sacarlos del circuito legal del alojamiento. Llu\u00eds Torrent, presidente de la Federaci\u00f3n Catalana de Apartamentos Tur\u00edsticos (FEDERATUR), ha afirmado que las presiones est\u00e1n llegando \u201cdel lobby hotelero de Madrid y Barcelona, que es el mismo\u201d. Torrent ha sentenciado que los hoteleros \u201cno nos quieren\u201d porque somos competencia.<\/p>\n<p>El presidente de FEDERATUR opina que han utilizado las molestias a los vecinos como excusa para justificar la moratoria en Barcelona. \u201cLa realidad es que no hay ning\u00fan problema, se registran 6 quejas al mes contra apartamentos tur\u00edsticos, un n\u00famero de quejas rid\u00edculo\u201d, ha explicado Torrent.<\/p>\n<p>El presidente del sector de los apartamentos ha reclamado libertad para ejercer la actividad respetando las reglas legales. Con contundencia ha dicho: \u201ccuando sale el sol sale para todo el mundo, de manera legal y ordenadamente, faltar\u00eda m\u00e1s\u201d<\/p>\n<p>En referencia a las plataformas P2P, FEDERATUR considera que se les debe dar facilidad para que puedan hacer su actividad y se ofrecen para ayudar a intermediar entre las plataformas y las administraciones.<\/p>\n<p>Por su parte el presidente del Gremio de Hoteles de Barcelona, Jordi Clos, ha reclamado a la asociaci\u00f3n de apartamentos tur\u00edsticos APARTUR que controle que todos los alojamientos pagan la tasa tur\u00edstica. Clos dice que en Barcelona hay 20 mil habitaciones de apartamentos y en un a\u00f1o s\u00f3lo han recaudado 600 mil euros, mientras que el sector hotelero de la ciudad, con 36 mil habitaciones ha ingresado 16 millones de euros. Clos insta a los empresarios de apartamentos a autorregularse.<\/p>\n","protected":false},"excerpt":{"rendered":"<p>Los empresarios de los apartamentos aseguran que los hoteleros quieren excluirlos como modalidad de alojamiento porque los consideran una competencia directa. La asociaci\u00f3n de apartamentos tur\u00edsticos quiere que el Ayuntamiento de Barcelona levante lo antes posible la moratoria para legalizar viviendas tur\u00edsticas en la ciudad. El sector apartamentista dice que los hoteleros est\u00e1n presionando a &hellip;<\/p>\n","protected":false},"author":1,"featured_media":0,"comment_status":"closed","ping_status":"open","sticky":false,"template":"","format":"standard","meta":[],"categories":[59],"tags":[],"_links":{"self":[{"href":"https:\/\/www.comunicatur.info\/es\/wp-json\/wp\/v2\/posts\/6073"}],"collection":[{"href":"https:\/\/www.comunicatur.info\/es\/wp-json\/wp\/v2\/posts"}],"about":[{"href":"https:\/\/www.comunicatur.info\/es\/wp-json\/wp\/v2\/types\/post"}],"author":[{"embeddable":true,"href":"https:\/\/www.comunicatur.info\/es\/wp-json\/wp\/v2\/users\/1"}],"replies":[{"embeddable":true,"href":"https:\/\/www.comunicatur.info\/es\/wp-json\/wp\/v2\/comments?post=6073"}],"version-history":[{"count":1,"href":"https:\/\/www.comunicatur.info\/es\/wp-json\/wp\/v2\/posts\/6073\/revisions"}],"predecessor-version":[{"id":6074,"href":"https:\/\/www.comunicatur.info\/es\/wp-json\/wp\/v2\/posts\/6073\/revisions\/6074"}],"wp:attachment":[{"href":"https:\/\/www.comunicatur.info\/es\/wp-json\/wp\/v2\/media?parent=6073"}],"wp:term":[{"taxonomy":"category","embeddable":true,"href":"https:\/\/www.comunicatur.info\/es\/wp-json\/wp\/v2\/categories?post=6073"},{"taxonomy":"post_tag","embeddable":true,"href":"https:\/\/www.comunicatur.info\/es\/wp-json\/wp\/v2\/tags?post=6073"}],"curies":[{"name":"wp","href":"https:\/\/api.w.org\/{rel}","templated":true}]}}