{"id":6033,"date":"2014-07-31T00:00:54","date_gmt":"2014-07-30T22:00:54","guid":{"rendered":"https:\/\/comunicatur.info\/?p=6033"},"modified":"2014-07-21T16:35:44","modified_gmt":"2014-07-21T14:35:44","slug":"bibliotecas-como-puntos-de-informacion-turistica","status":"publish","type":"post","link":"https:\/\/www.comunicatur.info\/es\/bibliotecas-como-puntos-de-informacion-turistica\/","title":{"rendered":"Bibliotecas como puntos de informaci\u00f3n tur\u00edstica"},"content":{"rendered":"<p>La Biblioteca Torras y Bages de Vilafranca del Pened\u00e8s y la Biblioteca Central de Igualada son las dos primeras bibliotecas en convertirse en puntos de informaci\u00f3n tur\u00edstica. Este proyecto piloto continuar\u00e1 en oto\u00f1o en las bibliotecas de las comarcas del Bages y Osona.<\/p>\n<p>El objetivo es ampliar la oferta de puntos de informaci\u00f3n tur\u00edstica para que los visitantes tengan la posibilidad de ser informados sobre la oferta tur\u00edstica existente, a la vez que reciban asistencia y apoyo en la organizaci\u00f3n de su estancia. Todos estos puntos de informaci\u00f3n cuentan con una identificaci\u00f3n espec\u00edfica y un material extenso para poder desarrollar esta funci\u00f3n.<\/p>\n<p>Esta iniciativa se enmarca en el proyecto creado conjuntamente por Turismo de la Diputaci\u00f3n de Barcelona y la Gerencia de Servicios de Bibliotecas de la corporaci\u00f3n para promover una mayor coordinaci\u00f3n de las bibliotecas p\u00fablicas con las oficinas de turismo local y otros agentes del sector.<\/p>\n","protected":false},"excerpt":{"rendered":"<p>La Biblioteca Torras y Bages de Vilafranca del Pened\u00e8s y la Biblioteca Central de Igualada son las dos primeras bibliotecas en convertirse en puntos de informaci\u00f3n tur\u00edstica. Este proyecto piloto continuar\u00e1 en oto\u00f1o en las bibliotecas de las comarcas del Bages y Osona. El objetivo es ampliar la oferta de puntos de informaci\u00f3n tur\u00edstica para &hellip;<\/p>\n","protected":false},"author":1,"featured_media":0,"comment_status":"closed","ping_status":"open","sticky":false,"template":"","format":"standard","meta":[],"categories":[62],"tags":[],"_links":{"self":[{"href":"https:\/\/www.comunicatur.info\/es\/wp-json\/wp\/v2\/posts\/6033"}],"collection":[{"href":"https:\/\/www.comunicatur.info\/es\/wp-json\/wp\/v2\/posts"}],"about":[{"href":"https:\/\/www.comunicatur.info\/es\/wp-json\/wp\/v2\/types\/post"}],"author":[{"embeddable":true,"href":"https:\/\/www.comunicatur.info\/es\/wp-json\/wp\/v2\/users\/1"}],"replies":[{"embeddable":true,"href":"https:\/\/www.comunicatur.info\/es\/wp-json\/wp\/v2\/comments?post=6033"}],"version-history":[{"count":1,"href":"https:\/\/www.comunicatur.info\/es\/wp-json\/wp\/v2\/posts\/6033\/revisions"}],"predecessor-version":[{"id":6034,"href":"https:\/\/www.comunicatur.info\/es\/wp-json\/wp\/v2\/posts\/6033\/revisions\/6034"}],"wp:attachment":[{"href":"https:\/\/www.comunicatur.info\/es\/wp-json\/wp\/v2\/media?parent=6033"}],"wp:term":[{"taxonomy":"category","embeddable":true,"href":"https:\/\/www.comunicatur.info\/es\/wp-json\/wp\/v2\/categories?post=6033"},{"taxonomy":"post_tag","embeddable":true,"href":"https:\/\/www.comunicatur.info\/es\/wp-json\/wp\/v2\/tags?post=6033"}],"curies":[{"name":"wp","href":"https:\/\/api.w.org\/{rel}","templated":true}]}}