{"id":6028,"date":"2014-07-23T00:00:40","date_gmt":"2014-07-22T22:00:40","guid":{"rendered":"https:\/\/comunicatur.info\/?p=6028"},"modified":"2014-07-23T17:29:53","modified_gmt":"2014-07-23T15:29:53","slug":"el-turismo-familiar-eje-de-la-nueva-campana-de-lleida-para-este-verano","status":"publish","type":"post","link":"https:\/\/www.comunicatur.info\/es\/el-turismo-familiar-eje-de-la-nueva-campana-de-lleida-para-este-verano\/","title":{"rendered":"El turismo familiar, eje de la nueva campa\u00f1a de Lleida para este verano"},"content":{"rendered":"<p>La Diputaci\u00f3n de Lleida, mediante el Patronato de Turismo y la marca \u00abAra Lleida\u00bb, ha puesto en marcha una nueva campa\u00f1a publicitaria de \u00e1mbito estatal para la promoci\u00f3n tur\u00edstica del Pirineo y las Tierras de Lleida para este verano.<\/p>\n<p>El lema de la campa\u00f1a es el mismo que el de la temporada anterior, \u00abLleida, donde todo empieza\u00bb, pero introduce una nueva l\u00ednea gr\u00e1fica e incorpora una serie de im\u00e1genes nuevas que invitan al receptor a vivir una experiencia tur\u00edstica singular, diversa y aut\u00e9ntica y donde la estandarizaci\u00f3n de la oferta no tiene cabida. La campa\u00f1a de promoci\u00f3n tur\u00edstica tambi\u00e9n incluye el logo conmemorativo de los 25 a\u00f1os de la creaci\u00f3n del Patronato de Turismo de la Diputaci\u00f3n de Lleida, un logo que a partir de ahora acompa\u00f1ar\u00e1 durante todo un a\u00f1o las diversas acciones promocionales que realizar\u00e1 el Patronato para conmemorar los 25 a\u00f1os desde su fundaci\u00f3n, la cual tuvo lugar el 18 de julio de 1989 en el Estany Gento (el Pallars Juss\u00e0).<\/p>\n<p>La nueva campa\u00f1a del Patronato de Turismo \u00abLleida, donde todo empieza\u00bb va dirigida este a\u00f1o sobre todo al p\u00fablico familiar, pero tambi\u00e9n a parejas y grupos de amigos. La significaci\u00f3n especial que este a\u00f1o se ha querido dar a la campa\u00f1a para captar al p\u00fablico familiar est\u00e1 relacionada con el hecho de que la ONU declarar\u00e1 este 2014 el A\u00f1o Internacional de la Familia y posteriormente la Agencia Catalana de Turismo (ACT) y la Direcci\u00f3n General de Turismo de la Generalitat acordar\u00e1n declararlo tambi\u00e9n el A\u00f1o del Turismo Familiar en Catalu\u00f1a para posicionarla como destino ideal para disfrutar de las vacaciones en familia. Por este motivo, buena parte de las im\u00e1genes que integran la nueva campa\u00f1a promocional del Patronato de Turismo de la Diputaci\u00f3n de Lleida para este verano incorporan las actividades en familia en diversos lugares del territorio en los diferentes soportes.<\/p>\n<p>El vicepresidente del Patronato de Turismo, Gerard Sabarich, y el director del Patronato de Turismo, Jordi Blanch, presentaron en la Diputaci\u00f3n de Lleida la campa\u00f1a. En este acto, el vicepresidente del Patronato de Turismo dijo que la tarea que ha llevado a cabo el Patronato durante estos 25 a\u00f1os lo ha situado actualmente como un referente del turismo en el conjunto del territorio. Por su parte, el director del Patronato de Turismo, Jordi Blanch, explic\u00f3 que la campa\u00f1a ha querido dar un mayor protagonismo al turismo familiar. Blanch a\u00f1adi\u00f3 que se ha mantenido el mismo eslogan de la temporada anterior por segundo a\u00f1o porque facilita al p\u00fablico recordar mejor el lema de la campa\u00f1a y, a su vez, porque el mensaje \u201cLleida, donde todo empieza\u201d nos aporta el concepto de variedad y diversidad ante los muchos recursos tur\u00edsticos que tiene la demarcaci\u00f3n, \u201cque no se acaban de conocer nunca del todo y siempre hay rincones y nuevos espacios por descubrir\u201d. Por \u00faltimo, Blanch dijo que el presupuesto de la campa\u00f1a es de 325.000 euros, un 10% m\u00e1s, aproximadamente, que la anterior campa\u00f1a.<\/p>\n<p>La imagen gr\u00e1fica de la campa\u00f1a promocional de verano est\u00e1 representada por el latido del coraz\u00f3n, que rodea las diferentes actividades, los paisajes y el patrimonio que nos muestran las im\u00e1genes y quiere transmitir la emoci\u00f3n que percibe el visitante a la hora de contemplar los paisajes, el patrimonio cultural o bien a la hora de practicar las actividades de turismo activo y deportes de aventura en contacto con la naturaleza.<\/p>\n<p>La creatividad incluye una amplia y variada oferta de propuestas tur\u00edsticas de que el p\u00fablico potencial puede disfrutar en las comarcas tanto del Pirineo como del llano y de la misma ciudad de Lleida con el fin de poder mostrar la gran diversidad y variedad de productos tur\u00edsticos existentes. Las im\u00e1genes que acompa\u00f1an la campa\u00f1a nos muestran algunos de los principales atractivos tur\u00edsticos y paisaj\u00edsticos de las comarcas de Lleida, como el Parque Nacional de Aig\u00fcestortes y Lago de Sant Maurici, el santuario de Montgarri, el desfiladero de Mont-rebei, el lago de Ivars y Vila-sana, la Seu Vella de Lleida, Sant Climent de Ta\u00fcll, Vallbona de les Monges, y varias propuestas de turismo activo como BTT, piraguas, rafting en el Pirineo de Lleida, adem\u00e1s de propuestas de turismo enogastron\u00f3mico.<\/p>\n<p><strong>La Diputaci\u00f3n de Lleida destina 325.000 euros a la promoci\u00f3n de la nueva campa\u00f1a<\/strong><\/p>\n<p>La Diputaci\u00f3n de Lleida, mediante el Patronato de Turismo, destina a la campa\u00f1a un total de 325.000 euros (un 10% m\u00e1s que el pasado a\u00f1o), a trav\u00e9s de la contrataci\u00f3n de diferentes espacios y soportes publicitarios de medios de comunicaci\u00f3n de prensa, radio, televisi\u00f3n e internet, publicidad exterior y tambi\u00e9n en el entorno 2.0 en el conjunto del Estado.<\/p>\n<p>La campa\u00f1a tendr\u00e1 una incidencia especial en Catalu\u00f1a, de donde proviene m\u00e1s del 60% del turismo que visita las comarcas de Lleida durante el periodo de verano, tanto de vacaciones como en escapadas de fin de semana y festivos. Del conjunto de Catalu\u00f1a, la ciudad de Barcelona tendr\u00e1 una presencia especial en la campa\u00f1a del Patronato de Turismo con la contrataci\u00f3n de soportes de publicidad exterior. Durante el periodo de un mes circular\u00e1n por la Ciudad Condal tres autobuses articulados con la rotulaci\u00f3n integral de la campa\u00f1a \u00abLleida, donde todo empieza\u00bb en todo el veh\u00edculo. Tambi\u00e9n se visualizar\u00e1 la campa\u00f1a en la parte de atr\u00e1s de 7 veh\u00edculos del Aerob\u00fas que cubre el recorrido entre Barcelona y el Aeropuerto de El Prat del Llobregat, y por \u00faltimo, se ha contratado por primera vez la rotulaci\u00f3n integral de todo un convoy del TramBaix.<\/p>\n<p>La campa\u00f1a tambi\u00e9n incorpora una serie de soportes de alcance estatal tanto de prensa escrita como de revistas especializadas con el objetivo de llegar al p\u00fablico de todo el pa\u00eds, como tambi\u00e9n en algunas publicaciones del sur de Francia.<\/p>\n<p>En cuanto al entorno online, la campa\u00f1a de publicidad digital se enfoca en la promoci\u00f3n de los recursos y los productos tur\u00edsticos del Pirineo y las Tierras de Lleida, mediante la contrataci\u00f3n de espacios en diferentes soportes on line dirigidos al p\u00fablico final como webs espec\u00edficas de producto (trekking y senderismo, deportes de aventura, ornitolog\u00eda, cultura y fiestas populares, etc.) dirigida principalmente a los mercados de Catalu\u00f1a, las Islas Baleares y la Comunidad Valenciana, entre otros, y en secciones de ocio y de vacaciones en portales generalistas, adem\u00e1s de webs del sector tur\u00edstico especializado.<\/p>\n<p>Por \u00faltimo, cabe destacar que, siguiendo la l\u00ednea iniciada hace tres a\u00f1os, el Patronato de Turismo ha apostado en esta nueva campa\u00f1a por los medios sociales (Facebook, Twitter, YouTube, Pinteret, Flickr e Instagram) con el objetivo de interactuar con sus p\u00fablicos y difundir la riqueza natural y patrimonial de nuestro territorio por medio de la marca #aralleida. En este sentido, para esta campa\u00f1a veraniega se ha planificado un calendario de publicaciones mensuales sobre las actividades y los eventos tur\u00edsticos que tendr\u00e1n lugar este verano en el Pirineo y las Tierras de Lleida con el objetivo de dar a conocer la diversidad de propuestas de ocio y de vacaciones para esta nueva temporada, as\u00ed como aumentar la percepci\u00f3n de Lleida como un destino tur\u00edstico \u00fanico y singular.<em>\/Noticia emitida por el Patronato de Turismo de la Diputaci\u00f3n de Lleida<\/em><\/p>\n","protected":false},"excerpt":{"rendered":"<p>La Diputaci\u00f3n de Lleida, mediante el Patronato de Turismo y la marca \u00abAra Lleida\u00bb, ha puesto en marcha una nueva campa\u00f1a publicitaria de \u00e1mbito estatal para la promoci\u00f3n tur\u00edstica del Pirineo y las Tierras de Lleida para este verano. El lema de la campa\u00f1a es el mismo que el de la temporada anterior, \u00abLleida, donde &hellip;<\/p>\n","protected":false},"author":1,"featured_media":0,"comment_status":"closed","ping_status":"open","sticky":false,"template":"","format":"standard","meta":[],"categories":[62],"tags":[],"_links":{"self":[{"href":"https:\/\/www.comunicatur.info\/es\/wp-json\/wp\/v2\/posts\/6028"}],"collection":[{"href":"https:\/\/www.comunicatur.info\/es\/wp-json\/wp\/v2\/posts"}],"about":[{"href":"https:\/\/www.comunicatur.info\/es\/wp-json\/wp\/v2\/types\/post"}],"author":[{"embeddable":true,"href":"https:\/\/www.comunicatur.info\/es\/wp-json\/wp\/v2\/users\/1"}],"replies":[{"embeddable":true,"href":"https:\/\/www.comunicatur.info\/es\/wp-json\/wp\/v2\/comments?post=6028"}],"version-history":[{"count":2,"href":"https:\/\/www.comunicatur.info\/es\/wp-json\/wp\/v2\/posts\/6028\/revisions"}],"predecessor-version":[{"id":6030,"href":"https:\/\/www.comunicatur.info\/es\/wp-json\/wp\/v2\/posts\/6028\/revisions\/6030"}],"wp:attachment":[{"href":"https:\/\/www.comunicatur.info\/es\/wp-json\/wp\/v2\/media?parent=6028"}],"wp:term":[{"taxonomy":"category","embeddable":true,"href":"https:\/\/www.comunicatur.info\/es\/wp-json\/wp\/v2\/categories?post=6028"},{"taxonomy":"post_tag","embeddable":true,"href":"https:\/\/www.comunicatur.info\/es\/wp-json\/wp\/v2\/tags?post=6028"}],"curies":[{"name":"wp","href":"https:\/\/api.w.org\/{rel}","templated":true}]}}