{"id":5957,"date":"2014-07-11T00:00:42","date_gmt":"2014-07-10T22:00:42","guid":{"rendered":"https:\/\/comunicatur.info\/?p=5957"},"modified":"2014-07-14T12:50:32","modified_gmt":"2014-07-14T10:50:32","slug":"en-marcha-la-estacion-nautica-guixols-costa-brava","status":"publish","type":"post","link":"https:\/\/www.comunicatur.info\/es\/en-marcha-la-estacion-nautica-guixols-costa-brava\/","title":{"rendered":"En marcha la Estaci\u00f3n N\u00e1utica Gu\u00edxols Costa Brava"},"content":{"rendered":"<p>Este verano, el litoral de Girona ofrece una tercera estaci\u00f3n n\u00e1utica: Gu\u00edxols Costa Brava, formada por los municipios de Sant Feliu de Gu\u00edxols, Santa Cristina d&#8217;Aro, Llagostera y Tossa de Mar. Esta nueva estaci\u00f3n se suma a la de Roses-Cap de Creus y L\u2019Estartit Illes Medes.<\/p>\n<p><!--more-->Los cuatro municipios han apostado por unir esfuerzos en una oferta promocional basada, seg\u00fan sus impulsores, \u201cen la calidad y la excelencia\u201d y aseguran que \u201cel turismo y la promoci\u00f3n econ\u00f3mica, con propuestas como las Estaciones N\u00e1uticas, tienen que convertirse en un motor capaz de acelerar el ritmo de la recuperaci\u00f3n y progreso econ\u00f3mico del territorio\u201d.<\/p>\n<p>Desde la concejal\u00eda de Turismo de Sant Feliu de Gu\u00edxols destacan que \u201cdisponemos de un instrumento tur\u00edstico y promocional muy importante para volver a poner en valor una oferta tur\u00edstica singular que nos diferencia de otros destinos. Aportamos experiencia en el mar y las empresas n\u00e1uticas, pero tambi\u00e9n hay la gastronom\u00eda, los bares, los restaurantes, los hoteles, el ocio, las excursiones\u201d.<\/p>\n<p>En cuanto al sector privado implicado, desde la Asociaci\u00f3n de Profesionales Empresarios y Hoteleros de Tossa de Mar se comprometen \u201ca realizar ofertas interesantes desde la estaci\u00f3n n\u00e1utica para revalorizar nuestro entorno conjunto y alargar la temporada m\u00e1s all\u00e1 de la cl\u00e1sica de verano\u201d.<\/p>\n<p>Una estaci\u00f3n n\u00e1utica es un espacio tur\u00edstico y recreativo que permite practicar el turismo n\u00e1utico, como forma de vacaciones activas en contacto con el agua y con la posibilidad de realizar todo tipo de actividades n\u00e1uticas durante el tiempo de ocio, complement\u00e1ndolo con diferentes modalidades de alojamiento, y con la opci\u00f3n de disfrutar de la naturaleza y la oferta tur\u00edstica y recreativa del entorno.<\/p>\n","protected":false},"excerpt":{"rendered":"<p>Este verano, el litoral de Girona ofrece una tercera estaci\u00f3n n\u00e1utica: Gu\u00edxols Costa Brava, formada por los municipios de Sant Feliu de Gu\u00edxols, Santa Cristina d&#8217;Aro, Llagostera y Tossa de Mar. Esta nueva estaci\u00f3n se suma a la de Roses-Cap de Creus y L\u2019Estartit Illes Medes. Los cuatro municipios han apostado por unir esfuerzos en &hellip;<\/p>\n","protected":false},"author":1,"featured_media":0,"comment_status":"closed","ping_status":"open","sticky":false,"template":"","format":"standard","meta":[],"categories":[62,61],"tags":[],"_links":{"self":[{"href":"https:\/\/www.comunicatur.info\/es\/wp-json\/wp\/v2\/posts\/5957"}],"collection":[{"href":"https:\/\/www.comunicatur.info\/es\/wp-json\/wp\/v2\/posts"}],"about":[{"href":"https:\/\/www.comunicatur.info\/es\/wp-json\/wp\/v2\/types\/post"}],"author":[{"embeddable":true,"href":"https:\/\/www.comunicatur.info\/es\/wp-json\/wp\/v2\/users\/1"}],"replies":[{"embeddable":true,"href":"https:\/\/www.comunicatur.info\/es\/wp-json\/wp\/v2\/comments?post=5957"}],"version-history":[{"count":3,"href":"https:\/\/www.comunicatur.info\/es\/wp-json\/wp\/v2\/posts\/5957\/revisions"}],"predecessor-version":[{"id":5970,"href":"https:\/\/www.comunicatur.info\/es\/wp-json\/wp\/v2\/posts\/5957\/revisions\/5970"}],"wp:attachment":[{"href":"https:\/\/www.comunicatur.info\/es\/wp-json\/wp\/v2\/media?parent=5957"}],"wp:term":[{"taxonomy":"category","embeddable":true,"href":"https:\/\/www.comunicatur.info\/es\/wp-json\/wp\/v2\/categories?post=5957"},{"taxonomy":"post_tag","embeddable":true,"href":"https:\/\/www.comunicatur.info\/es\/wp-json\/wp\/v2\/tags?post=5957"}],"curies":[{"name":"wp","href":"https:\/\/api.w.org\/{rel}","templated":true}]}}