{"id":5905,"date":"2014-06-18T00:20:27","date_gmt":"2014-06-17T22:20:27","guid":{"rendered":"https:\/\/comunicatur.info\/?p=5905"},"modified":"2014-06-18T00:20:27","modified_gmt":"2014-06-17T22:20:27","slug":"lloret-presenta-la-campana-vivelloret-en-valencia","status":"publish","type":"post","link":"https:\/\/www.comunicatur.info\/es\/lloret-presenta-la-campana-vivelloret-en-valencia\/","title":{"rendered":"Lloret presenta la campa\u00f1a #vivelloret en Valencia"},"content":{"rendered":"<p><a href=\"http:\/\/lloretdemar.org\/es\/\" target=\"_blank\" rel=\"noopener\">Lloret Turismo<\/a> ha presentado su campa\u00f1a de comunicaci\u00f3n tur\u00edstica #vivelloret en el <a href=\"http:\/\/www.muvim.es\/\" target=\"_blank\" rel=\"noopener\">Museo Valenciano de la Ilustraci\u00f3n y la Modernidad (MuVIM)<\/a>.<\/p>\n<p><!--more-->Esta jornada de medios de comunicaci\u00f3n social va dirigida a profesionales del \u00e1mbito privado y p\u00fablico que trabajan en diferentes destinos tur\u00edsticos de la Comunidad Valenciana y a los cuales se exponen buenos ejemplos en comunicaci\u00f3n en las redes sociales y reputaci\u00f3n online de otros destinos tur\u00edsticos.<a href=\"https:\/\/www.comunicatur.info\/wp-content\/uploads\/2014\/06\/viulloret.jpg\"><img class=\"size-full wp-image-5903 alignright\" alt=\"viulloret\" src=\"https:\/\/www.comunicatur.info\/wp-content\/uploads\/2014\/06\/viulloret.jpg\" width=\"288\" height=\"157\" \/><\/a><\/p>\n<p>El principal motivo por el cual se ha escogido Lloret de Mar es por el eje de la campa\u00f1a con la cual se quiere hacer frente a los t\u00f3picos partiendo de comentarios negativos en las redes sociales publicados por usuarios reales. Posteriormente se contacta con estos mismos usuarios y se les invita de nuevo a Lloret para vivir una experiencia \u00fanica. El resultado son tres v\u00eddeos en los cuales se recogen las vivencias de estos protagonistas reales y un sitio Web que recoge todos los comentarios derivados de la campa\u00f1a <a href=\"http:\/\/viu.lloretdemar.org\/?lang=es\" target=\"_blank\" rel=\"noopener\">viu.lloretdemar.org<\/a> <i>\/Noticia del colaborador<\/i><\/p>\n","protected":false},"excerpt":{"rendered":"<p>Lloret Turismo ha presentado su campa\u00f1a de comunicaci\u00f3n tur\u00edstica #vivelloret en el Museo Valenciano de la Ilustraci\u00f3n y la Modernidad (MuVIM). Esta jornada de medios de comunicaci\u00f3n social va dirigida a profesionales del \u00e1mbito privado y p\u00fablico que trabajan en diferentes destinos tur\u00edsticos de la Comunidad Valenciana y a los cuales se exponen buenos ejemplos &hellip;<\/p>\n","protected":false},"author":1,"featured_media":0,"comment_status":"closed","ping_status":"open","sticky":false,"template":"","format":"standard","meta":[],"categories":[62],"tags":[],"_links":{"self":[{"href":"https:\/\/www.comunicatur.info\/es\/wp-json\/wp\/v2\/posts\/5905"}],"collection":[{"href":"https:\/\/www.comunicatur.info\/es\/wp-json\/wp\/v2\/posts"}],"about":[{"href":"https:\/\/www.comunicatur.info\/es\/wp-json\/wp\/v2\/types\/post"}],"author":[{"embeddable":true,"href":"https:\/\/www.comunicatur.info\/es\/wp-json\/wp\/v2\/users\/1"}],"replies":[{"embeddable":true,"href":"https:\/\/www.comunicatur.info\/es\/wp-json\/wp\/v2\/comments?post=5905"}],"version-history":[{"count":1,"href":"https:\/\/www.comunicatur.info\/es\/wp-json\/wp\/v2\/posts\/5905\/revisions"}],"predecessor-version":[{"id":5906,"href":"https:\/\/www.comunicatur.info\/es\/wp-json\/wp\/v2\/posts\/5905\/revisions\/5906"}],"wp:attachment":[{"href":"https:\/\/www.comunicatur.info\/es\/wp-json\/wp\/v2\/media?parent=5905"}],"wp:term":[{"taxonomy":"category","embeddable":true,"href":"https:\/\/www.comunicatur.info\/es\/wp-json\/wp\/v2\/categories?post=5905"},{"taxonomy":"post_tag","embeddable":true,"href":"https:\/\/www.comunicatur.info\/es\/wp-json\/wp\/v2\/tags?post=5905"}],"curies":[{"name":"wp","href":"https:\/\/api.w.org\/{rel}","templated":true}]}}