{"id":5884,"date":"2014-06-17T00:00:09","date_gmt":"2014-06-16T22:00:09","guid":{"rendered":"https:\/\/comunicatur.info\/?p=5884"},"modified":"2014-06-18T00:07:20","modified_gmt":"2014-06-17T22:07:20","slug":"aena-se-privatiza-y-renfe-competira-con-otros-operadores","status":"publish","type":"post","link":"https:\/\/www.comunicatur.info\/es\/aena-se-privatiza-y-renfe-competira-con-otros-operadores\/","title":{"rendered":"AENA se privatiza y Renfe competir\u00e1 con otros operadores"},"content":{"rendered":"<p>El Gobierno espa\u00f1ol tira adelante nuevas medidas liberalizadoras en el transporte de viajeros. Privatizar\u00e1 un 49% de AENA, la gestora de los aeropuertos, y activa la competencia con Renfe en las l\u00edneas AVE.<\/p>\n<p><!--more-->Seg\u00fan ha aprobado el Consejo de Ministros, el Estado controlar\u00e1 el 51% de AENA y se reserva la privatizaci\u00f3n al 49% restante que se distribuir\u00e1 en un 21% para un \u201cn\u00facleo duro\u201d de accionistas estables y el 28% que saldr\u00e1 a bolsa. Por esta operaci\u00f3n, la mayor venta en una empresa p\u00fablica en 16 a\u00f1os, el Gobierno espera ingresar 2.500 millones de euros.<\/p>\n<p>La operaci\u00f3n se producir\u00e1 antes de final de a\u00f1o. Los accionistas estables podr\u00edan estar seleccionados en septiembre y la salida a bolsa, en noviembre. Este modelo reserva el control en la toma de decisiones al Estado y choca con las aspiraciones de Catalu\u00f1a y Canarias de controlar sus propios aeropuertos.<\/p>\n<p>La participaci\u00f3n de capital privado, que no podr\u00e1 controlar la compa\u00f1\u00eda, obedece m\u00e1s a razones financieras -para conseguir ingresos- que de modelo aeroportuario. Esta participaci\u00f3n privada no decisoria, puede ayudar a extender el negocio de AENA en el exterior. El ente ha remontado la situaci\u00f3n de p\u00e9rdidas y el Gobierno debe considerar que no necesita socios que modifiquen el modelo de gesti\u00f3n actual.<b><\/b><\/p>\n<p><b>Un operador competir\u00e1 con Renfe <\/b><\/p>\n<p>Por otro lado, el Ministerio de Fomento tambi\u00e9n dar\u00e1 entrada al sector privado en el transporte ferroviario de viajeros. De momento, se trata de una t\u00edmida apertura de la competencia a Renfe en el corredor Madrid-Levante, y por un periodo de siete a\u00f1os. La oferta privada del AVE BCN-Madrid podr\u00eda empezar en el 2016.<\/p>\n<p>\u00abEl objetivo de la reforma es mejorar la calidad del servicio del transporte que se da en Espa\u00f1a a todos los ciudadanos\u00bb, ha explicado la ministra de Fomento Ana Pastor, que ha recordado que el a\u00f1o pasado 188 millones de personas pasaron por los aeropuertos espa\u00f1oles.<\/p>\n","protected":false},"excerpt":{"rendered":"<p>El Gobierno espa\u00f1ol tira adelante nuevas medidas liberalizadoras en el transporte de viajeros. Privatizar\u00e1 un 49% de AENA, la gestora de los aeropuertos, y activa la competencia con Renfe en las l\u00edneas AVE. Seg\u00fan ha aprobado el Consejo de Ministros, el Estado controlar\u00e1 el 51% de AENA y se reserva la privatizaci\u00f3n al 49% restante &hellip;<\/p>\n","protected":false},"author":1,"featured_media":0,"comment_status":"closed","ping_status":"open","sticky":false,"template":"","format":"standard","meta":[],"categories":[65],"tags":[],"_links":{"self":[{"href":"https:\/\/www.comunicatur.info\/es\/wp-json\/wp\/v2\/posts\/5884"}],"collection":[{"href":"https:\/\/www.comunicatur.info\/es\/wp-json\/wp\/v2\/posts"}],"about":[{"href":"https:\/\/www.comunicatur.info\/es\/wp-json\/wp\/v2\/types\/post"}],"author":[{"embeddable":true,"href":"https:\/\/www.comunicatur.info\/es\/wp-json\/wp\/v2\/users\/1"}],"replies":[{"embeddable":true,"href":"https:\/\/www.comunicatur.info\/es\/wp-json\/wp\/v2\/comments?post=5884"}],"version-history":[{"count":1,"href":"https:\/\/www.comunicatur.info\/es\/wp-json\/wp\/v2\/posts\/5884\/revisions"}],"predecessor-version":[{"id":5885,"href":"https:\/\/www.comunicatur.info\/es\/wp-json\/wp\/v2\/posts\/5884\/revisions\/5885"}],"wp:attachment":[{"href":"https:\/\/www.comunicatur.info\/es\/wp-json\/wp\/v2\/media?parent=5884"}],"wp:term":[{"taxonomy":"category","embeddable":true,"href":"https:\/\/www.comunicatur.info\/es\/wp-json\/wp\/v2\/categories?post=5884"},{"taxonomy":"post_tag","embeddable":true,"href":"https:\/\/www.comunicatur.info\/es\/wp-json\/wp\/v2\/tags?post=5884"}],"curies":[{"name":"wp","href":"https:\/\/api.w.org\/{rel}","templated":true}]}}