{"id":5850,"date":"2014-06-11T00:00:48","date_gmt":"2014-06-10T22:00:48","guid":{"rendered":"https:\/\/comunicatur.info\/?p=5850"},"modified":"2014-06-10T14:16:09","modified_gmt":"2014-06-10T12:16:09","slug":"especializacion-y-aplicacion-de-las-tics-elementos-clave-para-el-futuro-del-turismo-rural","status":"publish","type":"post","link":"https:\/\/www.comunicatur.info\/es\/especializacion-y-aplicacion-de-las-tics-elementos-clave-para-el-futuro-del-turismo-rural\/","title":{"rendered":"Especializaci\u00f3n y aplicaci\u00f3n de las TICs, elementos clave para el futuro del turismo rural"},"content":{"rendered":"<p>El Primer Congreso Europeo de Turismo Rural (COETUR) \u2014organizado por Escapadarural.com y RuralySocial.es\u2014 cerr\u00f3 con un \u00e9xito de asistencia sin precedentes en este tipo de encuentros. A los m\u00e1s de 150 participantes presenciales hay que sumarles los que han seguido el evento en directo \u2014gracias al <i>streaming <\/i>emitido por un canal Youtube de Internet\u2014 situando la cifra final en 600 personas. El apoyo de las instituciones p\u00fablicas al congreso ha sido especialmente significativo para este sector que tiene un peso espec\u00edfico en Espa\u00f1a: suma m\u00e1s de 15.000 establecimientos, casi 140.000 plazas, 2,5 millones de viajeros alojados y 6,9 millones de pernoctaciones en 2013.<\/p>\n<p>Durante los dos d\u00edas en que ha tenido lugar COETUR, los ponentes han mostrado una visi\u00f3n comprometida respecto al futuro del sector, destacando las oportunidades que hay en la segmentaci\u00f3n de clientes, la necesidad de una gesti\u00f3n profesional del negocio y la imprescindible incorporaci\u00f3n de la tecnolog\u00eda online en la promoci\u00f3n de los alojamientos.<\/p>\n<p>Seg\u00fan Ana Alonso, directora de Comunicaci\u00f3n de EscapadaRural.com, \u201clos propietarios de casas rurales que apuestan por nichos de mercado se caracterizan por su pasi\u00f3n por lo que hacen. Creen en sus proyectos y por eso realizan grandes inversiones que, posteriormente tienen su retorno en un tipo de cliente muy espec\u00edfico y dispuesto a valorar esa especializaci\u00f3n. Ahora es el momento de dar un paso m\u00e1s, se trata de ir m\u00e1s all\u00e1 y ofrecer algo diferente\u201d.<\/p>\n<p><b>Los empresarios, protagonistas del evento<\/b><\/p>\n<p>COETUR, hecho por el sector y para el sector, ha dado el m\u00e1ximo protagonismo a los empresarios del turismo rural<b> <\/b>y por eso ha invitado a propietarios como Esther Lorente, premio nacional de Excelencia a la Innovaci\u00f3n para Mujeres Rurales en 2013 y propietaria de Riojania; Gustavo Nash, gestor de varios alojamientos en Madrid y presidente de Mirevem (Asociaci\u00f3n Empresarios del Rinc\u00f3n de Madrid); Montse Juher, propietaria de El Nus de Pedra, que destaca por su acertada gesti\u00f3n de Internet y las redes sociales; o Rodrigo Mart\u00edn, que adem\u00e1s de estar al frente de los Alojamientos Rurales Navaluenga.net tambi\u00e9n es el due\u00f1o de la empresa IdeaPublicidad.com.<\/p>\n<p>Tirso Maldonado, Evangelist Manager en Witcamp, dio las claves tecnol\u00f3gicas del sector durante la primera jornada del congreso hablando de las nuevas reglas del juego en redes sociales y buscadores.<\/p>\n<p>El segundo d\u00eda se presentaron las apuestas de futuro a trav\u00e9s de micro-ponencias como la de Diego Macaya sobre videomarketing o Eddy Lara Brito sobre c\u00f3mo alimentar un blog. La intervenci\u00f3n de Carles Zardoya, de Ruralysocial.es, complet\u00f3 esta visi\u00f3n con un mini-taller sobre el uso de Instagram para un alojamiento rural.<b> <\/b><\/p>\n<p>COETUR se cerr\u00f3 con otra mesa redonda de alojamientos que apuestan por nichos de mercado como el de las empresas (RuralMeeting), los ciclistas (Mas Petit\/Empordabikeresort), los enoturistas (Masia Olivera) o los clientes que buscan estancias vinculadas al bienestar cuerpo-mente (El Guitart).<\/p>\n<p>El Primer Congreso Europeo de Turismo Rural se ha desarrollado en un escenario rural como es M\u00f3n Sant Benet (Barcelona) y ha contado con el apoyo tanto de entidades p\u00fablicas como privadas como la Diputaci\u00f3n de Barcelona, Rural Meeting, M\u00f3n Sant Benet e IdeaPublicidad.com, como patrocinadores del evento. El Congreso tambi\u00e9n ha estado respaldado por la Agencia Catalana de Turismo y las principales asociaciones locales: Turalcat y Concatur.<\/p>\n<p>Numerosas personalidades han estado presentes durante estos d\u00edas en Barcelona como Ram\u00f3n Riera, Diputado Delegado de Turismo de la Diputaci\u00f3n de Barcelona, Joan Vinyes, Consejero de Turismo del Consejo Comarcal del Bages y Presidente del Geoparque de la Catalu\u00f1a Central, Joan Carles Batan\u00e9s, alcalde de Sant Fruit\u00f3s del Bages y Joan Abad, Subdirector General de Ordenaci\u00f3n Tur\u00edstica de la Generalitat de Catalu\u00f1a. Tambi\u00e9n cabe citar la asistencia de Santiago Recio, Director General de Turismo de Cantabria, que se acerc\u00f3 hasta COETUR para recoger el galard\u00f3n a Cantabria en la primera edici\u00f3n de los Premios Escapadarural.com<\/p>\n","protected":false},"excerpt":{"rendered":"<p>El Primer Congreso Europeo de Turismo Rural (COETUR) \u2014organizado por Escapadarural.com y RuralySocial.es\u2014 cerr\u00f3 con un \u00e9xito de asistencia sin precedentes en este tipo de encuentros. A los m\u00e1s de 150 participantes presenciales hay que sumarles los que han seguido el evento en directo \u2014gracias al streaming emitido por un canal Youtube de Internet\u2014 situando &hellip;<\/p>\n","protected":false},"author":1,"featured_media":0,"comment_status":"closed","ping_status":"open","sticky":false,"template":"","format":"standard","meta":[],"categories":[59,63],"tags":[],"_links":{"self":[{"href":"https:\/\/www.comunicatur.info\/es\/wp-json\/wp\/v2\/posts\/5850"}],"collection":[{"href":"https:\/\/www.comunicatur.info\/es\/wp-json\/wp\/v2\/posts"}],"about":[{"href":"https:\/\/www.comunicatur.info\/es\/wp-json\/wp\/v2\/types\/post"}],"author":[{"embeddable":true,"href":"https:\/\/www.comunicatur.info\/es\/wp-json\/wp\/v2\/users\/1"}],"replies":[{"embeddable":true,"href":"https:\/\/www.comunicatur.info\/es\/wp-json\/wp\/v2\/comments?post=5850"}],"version-history":[{"count":1,"href":"https:\/\/www.comunicatur.info\/es\/wp-json\/wp\/v2\/posts\/5850\/revisions"}],"predecessor-version":[{"id":5851,"href":"https:\/\/www.comunicatur.info\/es\/wp-json\/wp\/v2\/posts\/5850\/revisions\/5851"}],"wp:attachment":[{"href":"https:\/\/www.comunicatur.info\/es\/wp-json\/wp\/v2\/media?parent=5850"}],"wp:term":[{"taxonomy":"category","embeddable":true,"href":"https:\/\/www.comunicatur.info\/es\/wp-json\/wp\/v2\/categories?post=5850"},{"taxonomy":"post_tag","embeddable":true,"href":"https:\/\/www.comunicatur.info\/es\/wp-json\/wp\/v2\/tags?post=5850"}],"curies":[{"name":"wp","href":"https:\/\/api.w.org\/{rel}","templated":true}]}}