{"id":5837,"date":"2014-06-09T00:00:11","date_gmt":"2014-06-08T22:00:11","guid":{"rendered":"https:\/\/comunicatur.info\/?p=5837"},"modified":"2014-06-10T12:55:59","modified_gmt":"2014-06-10T10:55:59","slug":"raimon-martinez-fraile-presidente-del-salon-internacional-de-turismo-de-cataluna-sitc","status":"publish","type":"post","link":"https:\/\/www.comunicatur.info\/es\/raimon-martinez-fraile-presidente-del-salon-internacional-de-turismo-de-cataluna-sitc\/","title":{"rendered":"Raimon Mart\u00ednez Fraile, presidente del Sal\u00f3n Internacional de Turismo de Catalu\u00f1a (SITC)"},"content":{"rendered":"<p>Hace una valoraci\u00f3n general del turismo en Espa\u00f1a. Manifiesta que bajar precios es una mala soluci\u00f3n para ser m\u00e1s competitivos. Afirma que hay que conseguir que el usuario de sol y playa consuma m\u00e1s productos. Asegura que en el mercado ruso s\u00ed vale la pena invertir. Sobre la tasa tur\u00edstica, comenta que no s\u00f3lo debe abarcar las pernoctaciones sino al conjunto de manera equilibrada y espera que en Espa\u00f1a se copie su implantaci\u00f3n.<\/p>\n<p><iframe src=\"\/\/www.youtube.com\/embed\/rmTCxod4Xgw?rel=0\" height=\"315\" width=\"560\" allowfullscreen=\"\" frameborder=\"0\"><\/iframe>Raimon Mart\u00ednez Fraile, president del Sal\u00f3 Internacional de Turisme de Catalunya (SITC)<\/p>\n","protected":false},"excerpt":{"rendered":"<p>Hace una valoraci\u00f3n general del turismo en Espa\u00f1a. Manifiesta que bajar precios es una mala soluci\u00f3n para ser m\u00e1s competitivos. Afirma que hay que conseguir que el usuario de sol y playa consuma m\u00e1s productos. Asegura que en el mercado ruso s\u00ed vale la pena invertir. Sobre la tasa tur\u00edstica, comenta que no s\u00f3lo debe &hellip;<\/p>\n","protected":false},"author":1,"featured_media":0,"comment_status":"closed","ping_status":"open","sticky":false,"template":"","format":"standard","meta":[],"categories":[72,74],"tags":[],"_links":{"self":[{"href":"https:\/\/www.comunicatur.info\/es\/wp-json\/wp\/v2\/posts\/5837"}],"collection":[{"href":"https:\/\/www.comunicatur.info\/es\/wp-json\/wp\/v2\/posts"}],"about":[{"href":"https:\/\/www.comunicatur.info\/es\/wp-json\/wp\/v2\/types\/post"}],"author":[{"embeddable":true,"href":"https:\/\/www.comunicatur.info\/es\/wp-json\/wp\/v2\/users\/1"}],"replies":[{"embeddable":true,"href":"https:\/\/www.comunicatur.info\/es\/wp-json\/wp\/v2\/comments?post=5837"}],"version-history":[{"count":3,"href":"https:\/\/www.comunicatur.info\/es\/wp-json\/wp\/v2\/posts\/5837\/revisions"}],"predecessor-version":[{"id":5840,"href":"https:\/\/www.comunicatur.info\/es\/wp-json\/wp\/v2\/posts\/5837\/revisions\/5840"}],"wp:attachment":[{"href":"https:\/\/www.comunicatur.info\/es\/wp-json\/wp\/v2\/media?parent=5837"}],"wp:term":[{"taxonomy":"category","embeddable":true,"href":"https:\/\/www.comunicatur.info\/es\/wp-json\/wp\/v2\/categories?post=5837"},{"taxonomy":"post_tag","embeddable":true,"href":"https:\/\/www.comunicatur.info\/es\/wp-json\/wp\/v2\/tags?post=5837"}],"curies":[{"name":"wp","href":"https:\/\/api.w.org\/{rel}","templated":true}]}}