{"id":5760,"date":"2014-05-20T00:00:19","date_gmt":"2014-05-19T22:00:19","guid":{"rendered":"https:\/\/comunicatur.info\/?p=5760"},"modified":"2014-05-25T22:23:14","modified_gmt":"2014-05-25T20:23:14","slug":"espana-comercializara-productos-turisticos-de-salud-a-traves-de-la-red","status":"publish","type":"post","link":"https:\/\/www.comunicatur.info\/es\/espana-comercializara-productos-turisticos-de-salud-a-traves-de-la-red\/","title":{"rendered":"Espa\u00f1a comercializar\u00e1 productos tur\u00edsticos de salud a trav\u00e9s de la Red"},"content":{"rendered":"<p>El Cl\u00faster Espa\u00f1ol de Turismo de Salud comercializar\u00e1 a trav\u00e9s de su plataforma on line <a href=\"www.spaincares.com\" target=\"_blank\">www.spaincares.com<\/a> productos tur\u00edsticos relacionados con el \u00e1mbito sanitario. Con esta iniciativa, la entidad quiere impulsar la captaci\u00f3n de este tipo de turista, que se caracteriza por hacer estancias de larga duraci\u00f3n y gastos notoriamente superiores a los del visitante convencional.<\/p>\n<p><!--more-->El turismo relacionado con la salud gener\u00f3 en Espa\u00f1a unos ingresos de unos 140 millones de euros en 2013, y el objetivo del cl\u00faster es alcanzar los 500 millones en el a\u00f1o 2015 gracias a la atracci\u00f3n de nuevos visitantes.<\/p>\n<p>En este proceso de captaci\u00f3n, la explotaci\u00f3n de las herramientas 2.0 resulta imprescindible, y la agencia de marketing interactivo y servicios digitales GTO Europe ser\u00e1 la encargada de desarrollar la futura plataforma, que servir\u00e1 de punto de promoci\u00f3n, venta y gesti\u00f3n de los servicios los asociados al cl\u00faster.<\/p>\n<p>El Cl\u00faster Espa\u00f1ol de Turismo de Salud lo forman la Federaci\u00f3n Nacional de Cl\u00ednicas Privadas (FNCP), la Asociaci\u00f3n Nacional de Balnearios (ANBAL), la Federaci\u00f3n Empresarial de la Dependencia (FED), la Confederaci\u00f3n Espa\u00f1ola de Hoteles y Alojamientos Tur\u00edsticos (CEHAT) y la Confederaci\u00f3n Espa\u00f1ola de Agencias de Viajes (CEAV).<\/p>\n<p>Estas entidades decidieron unirse hace unos meses para explotar el potencial del turismo relacionado con la salud en Espa\u00f1a y multiplicar los ingresos que genera. Las buenas infraestructuras sanitarias espa\u00f1olas y su reputaci\u00f3n mundial, as\u00ed como la experiencia en gesti\u00f3n tur\u00edstica del pa\u00eds son los principales argumentos que ofrecen al turista extranjero.<\/p>\n","protected":false},"excerpt":{"rendered":"<p>El Cl\u00faster Espa\u00f1ol de Turismo de Salud comercializar\u00e1 a trav\u00e9s de su plataforma on line www.spaincares.com productos tur\u00edsticos relacionados con el \u00e1mbito sanitario. Con esta iniciativa, la entidad quiere impulsar la captaci\u00f3n de este tipo de turista, que se caracteriza por hacer estancias de larga duraci\u00f3n y gastos notoriamente superiores a los del visitante convencional. &hellip;<\/p>\n","protected":false},"author":1,"featured_media":0,"comment_status":"closed","ping_status":"open","sticky":false,"template":"","format":"standard","meta":[],"categories":[62],"tags":[],"_links":{"self":[{"href":"https:\/\/www.comunicatur.info\/es\/wp-json\/wp\/v2\/posts\/5760"}],"collection":[{"href":"https:\/\/www.comunicatur.info\/es\/wp-json\/wp\/v2\/posts"}],"about":[{"href":"https:\/\/www.comunicatur.info\/es\/wp-json\/wp\/v2\/types\/post"}],"author":[{"embeddable":true,"href":"https:\/\/www.comunicatur.info\/es\/wp-json\/wp\/v2\/users\/1"}],"replies":[{"embeddable":true,"href":"https:\/\/www.comunicatur.info\/es\/wp-json\/wp\/v2\/comments?post=5760"}],"version-history":[{"count":1,"href":"https:\/\/www.comunicatur.info\/es\/wp-json\/wp\/v2\/posts\/5760\/revisions"}],"predecessor-version":[{"id":5761,"href":"https:\/\/www.comunicatur.info\/es\/wp-json\/wp\/v2\/posts\/5760\/revisions\/5761"}],"wp:attachment":[{"href":"https:\/\/www.comunicatur.info\/es\/wp-json\/wp\/v2\/media?parent=5760"}],"wp:term":[{"taxonomy":"category","embeddable":true,"href":"https:\/\/www.comunicatur.info\/es\/wp-json\/wp\/v2\/categories?post=5760"},{"taxonomy":"post_tag","embeddable":true,"href":"https:\/\/www.comunicatur.info\/es\/wp-json\/wp\/v2\/tags?post=5760"}],"curies":[{"name":"wp","href":"https:\/\/api.w.org\/{rel}","templated":true}]}}