{"id":5707,"date":"2014-05-09T00:00:31","date_gmt":"2014-05-08T22:00:31","guid":{"rendered":"https:\/\/comunicatur.info\/?p=5707"},"modified":"2014-05-11T21:47:42","modified_gmt":"2014-05-11T19:47:42","slug":"los-monoplazas-de-senna-schumacher-y-de-la-rosa-llegan-a-lloret-los-dias-9-10-y-11-de-mayo","status":"publish","type":"post","link":"https:\/\/www.comunicatur.info\/es\/los-monoplazas-de-senna-schumacher-y-de-la-rosa-llegan-a-lloret-los-dias-9-10-y-11-de-mayo\/","title":{"rendered":"Los monoplazas de Senna, Schumacher y de la Rosa llegan a Lloret los d\u00edas 9, 10 y 11 de mayo"},"content":{"rendered":"<p>Lloret de Mar se ha volcado plenamente en el Gran Premio Pirelli de F\u00f3rmula 1 que se disputa este fin de semana en el Circuito de Barcelona-Catalu\u00f1a. Uno de los principales platos fuertes que ofrecer\u00e1 es una exhibici\u00f3n por el paseo de Lloret de los monoplazas que fueron conducidos por Senna, Schumacher y de la Rosa entre otros. Las exhibiciones previstas ser\u00e1n el viernes y s\u00e1bado a las 18h y el domingo a las 11h con una duraci\u00f3n aproximada de una hora. El a\u00f1o pasado Lloret de Mar tuvo cerca de 2.000 personas alojadas que ten\u00edan como motivaci\u00f3n de viaje el Gran Premio Pirelli de F\u00f3rmula 1.<!--more--><\/p>\n<p>Se trata de una oportunidad \u00fanica para ver circular los modelos Arrows21, Benetton B192, Camel Lotus 102 y Toleman TG 184, que llevaron a estos pilotos a las primeras posiciones de diferentes competiciones. Entre los mejores resultados de estos veh\u00edculos est\u00e1 el primer lugar de Schumacher en el Gran Premio de B\u00e9lgica en 1992 con el Benetton B192 o el segundo puesto que Senna logr\u00f3 pilotando el Tolemann TG184 1984 en el Gran Premio de M\u00f3naco. Sigue el evento en las redes sociales con la etiqueta #LloretF1.<\/p>\n<p>Durante todo el fin de semana, habr\u00e1 m\u00faltiples actividades relacionadas con el mundo del motor en la plaza de Pere Torrent y un village ubicado en el paseo de Jacint Verdaguer, adem\u00e1s de un macroconcierto el s\u00e1bado con un espect\u00e1culo de mapping. Hoy, viernes d\u00eda 9, se celebra uno de los eventos destacados: la Lloret Night Shopping, con desfiles de moda y actuaciones musicales en directo en varios lugares del centro de la villa. Toda la informaci\u00f3n en: <a href=\"http:\/\/formulaweekend.lloretdemar.org\/\" target=\"_blank\" rel=\"noopener\">http:\/\/formulaweekend.lloretdemar.org\/<\/a><\/p>\n<p>Recientemente, el Ayuntamiento de Lloret de Mar ha firmado un convenio con el circuito de Barcelona-Catalu\u00f1a para potenciar ambos eventos a trav\u00e9s de acciones de promoci\u00f3n y comercializaci\u00f3n conjuntas.<\/p>\n","protected":false},"excerpt":{"rendered":"<p>Lloret de Mar se ha volcado plenamente en el Gran Premio Pirelli de F\u00f3rmula 1 que se disputa este fin de semana en el Circuito de Barcelona-Catalu\u00f1a. Uno de los principales platos fuertes que ofrecer\u00e1 es una exhibici\u00f3n por el paseo de Lloret de los monoplazas que fueron conducidos por Senna, Schumacher y de la &hellip;<\/p>\n","protected":false},"author":1,"featured_media":0,"comment_status":"closed","ping_status":"open","sticky":false,"template":"","format":"standard","meta":[],"categories":[62],"tags":[],"_links":{"self":[{"href":"https:\/\/www.comunicatur.info\/es\/wp-json\/wp\/v2\/posts\/5707"}],"collection":[{"href":"https:\/\/www.comunicatur.info\/es\/wp-json\/wp\/v2\/posts"}],"about":[{"href":"https:\/\/www.comunicatur.info\/es\/wp-json\/wp\/v2\/types\/post"}],"author":[{"embeddable":true,"href":"https:\/\/www.comunicatur.info\/es\/wp-json\/wp\/v2\/users\/1"}],"replies":[{"embeddable":true,"href":"https:\/\/www.comunicatur.info\/es\/wp-json\/wp\/v2\/comments?post=5707"}],"version-history":[{"count":1,"href":"https:\/\/www.comunicatur.info\/es\/wp-json\/wp\/v2\/posts\/5707\/revisions"}],"predecessor-version":[{"id":5708,"href":"https:\/\/www.comunicatur.info\/es\/wp-json\/wp\/v2\/posts\/5707\/revisions\/5708"}],"wp:attachment":[{"href":"https:\/\/www.comunicatur.info\/es\/wp-json\/wp\/v2\/media?parent=5707"}],"wp:term":[{"taxonomy":"category","embeddable":true,"href":"https:\/\/www.comunicatur.info\/es\/wp-json\/wp\/v2\/categories?post=5707"},{"taxonomy":"post_tag","embeddable":true,"href":"https:\/\/www.comunicatur.info\/es\/wp-json\/wp\/v2\/tags?post=5707"}],"curies":[{"name":"wp","href":"https:\/\/api.w.org\/{rel}","templated":true}]}}