{"id":5679,"date":"2014-05-05T00:09:16","date_gmt":"2014-05-04T22:09:16","guid":{"rendered":"https:\/\/comunicatur.info\/?p=5679"},"modified":"2014-05-05T00:09:16","modified_gmt":"2014-05-04T22:09:16","slug":"girona-se-situa-en-el-punto-de-mira-de-los-organizadores-de-congresos-gracias-al-ave","status":"publish","type":"post","link":"https:\/\/www.comunicatur.info\/es\/girona-se-situa-en-el-punto-de-mira-de-los-organizadores-de-congresos-gracias-al-ave\/","title":{"rendered":"Girona se sit\u00faa en el punto de mira de los organizadores de congresos gracias al AVE"},"content":{"rendered":"<p>La llegada de la alta velocidad a Girona hace unos meses ha situado la ciudad en el punto de mira de los organizadores de ferias y congresos. Si bien la ciudad ya contaba con los equipamientos, como el auditorio y la Fira, y el parque hotelero, ha sido la conexi\u00f3n con AVE el factor que ha detonado el inter\u00e9s del turismo de negocios por la capital gerundense.<\/p>\n<p><!--more-->Este a\u00f1o Girona ya tiene agendados 12 congresos y 14 ferias, y conf\u00eda en aumentar esta cifra en los pr\u00f3ximos a\u00f1os gracias a los esfuerzos locales para captar este tipo de cert\u00e1menes, que suponen un fuerte impacto econ\u00f3mico para la ciudad. El International Congress and Convention Association (ICCA) calcula que un congreso medio, que re\u00fana 500 asistentes durante tres d\u00edas, supone unos ingresos de casi un mill\u00f3n de euros para la localidad organizadora en conceptos de alojamiento, inscripci\u00f3n y comidas. El gasto medio por asistente ronda los 2.000 euros.<\/p>\n<p>La posibilidad de hacer el trayecto Girona-Barcelona en menos de 40 minutos erige Girona en una sede complementaria de Barcelona, referente mundial en la organizaci\u00f3n de ferias y congresos de amplio alcance, como el Mobile World Congress.<\/p>\n<p>El turismo de negocios es de los sectores que menos ha notado la crisis econ\u00f3mica de los \u00faltimos a\u00f1os, ya que ha mantenido un ritmo de crecimiento de dos d\u00edgitos durante los \u00faltimos 20 a\u00f1os. En 2013, Catalu\u00f1a recibi\u00f3 1,6 millones de visitantes por motivos de trabajo, lo que supone un crecimiento del 15,7 % respecto al a\u00f1o anterior, seg\u00fan datos de la Generalitat. Estos turistas realizaron un gasto de 1.800 millones de euros, y Girona ya figuraba entre las ciudades m\u00e1s beneficiadas, si bien a gran distancia de la capital catalana.<\/p>\n<p>Entre los cert\u00e1menes que Girona acoger\u00e1 este a\u00f1o destacan el internacional de archivos, otro destinado a la investigaci\u00f3n de las arritmias y el ExpoCycling, ligado al mundo de la bicicleta.<\/p>\n","protected":false},"excerpt":{"rendered":"<p>La llegada de la alta velocidad a Girona hace unos meses ha situado la ciudad en el punto de mira de los organizadores de ferias y congresos. Si bien la ciudad ya contaba con los equipamientos, como el auditorio y la Fira, y el parque hotelero, ha sido la conexi\u00f3n con AVE el factor que &hellip;<\/p>\n","protected":false},"author":1,"featured_media":0,"comment_status":"closed","ping_status":"open","sticky":false,"template":"","format":"standard","meta":[],"categories":[62,65],"tags":[],"_links":{"self":[{"href":"https:\/\/www.comunicatur.info\/es\/wp-json\/wp\/v2\/posts\/5679"}],"collection":[{"href":"https:\/\/www.comunicatur.info\/es\/wp-json\/wp\/v2\/posts"}],"about":[{"href":"https:\/\/www.comunicatur.info\/es\/wp-json\/wp\/v2\/types\/post"}],"author":[{"embeddable":true,"href":"https:\/\/www.comunicatur.info\/es\/wp-json\/wp\/v2\/users\/1"}],"replies":[{"embeddable":true,"href":"https:\/\/www.comunicatur.info\/es\/wp-json\/wp\/v2\/comments?post=5679"}],"version-history":[{"count":1,"href":"https:\/\/www.comunicatur.info\/es\/wp-json\/wp\/v2\/posts\/5679\/revisions"}],"predecessor-version":[{"id":5680,"href":"https:\/\/www.comunicatur.info\/es\/wp-json\/wp\/v2\/posts\/5679\/revisions\/5680"}],"wp:attachment":[{"href":"https:\/\/www.comunicatur.info\/es\/wp-json\/wp\/v2\/media?parent=5679"}],"wp:term":[{"taxonomy":"category","embeddable":true,"href":"https:\/\/www.comunicatur.info\/es\/wp-json\/wp\/v2\/categories?post=5679"},{"taxonomy":"post_tag","embeddable":true,"href":"https:\/\/www.comunicatur.info\/es\/wp-json\/wp\/v2\/tags?post=5679"}],"curies":[{"name":"wp","href":"https:\/\/api.w.org\/{rel}","templated":true}]}}